
{"id":124321,"date":"2026-01-28T10:41:26","date_gmt":"2026-01-28T13:41:26","guid":{"rendered":"https:\/\/www.sudoestehoje.com.br\/novoportal\/?p=124321"},"modified":"2026-01-28T10:41:26","modified_gmt":"2026-01-28T13:41:26","slug":"lula-inicia-2026-com-57-de-desaprovacao-e-34-de-aprovacao-segundo-nova-pesquisa","status":"publish","type":"post","link":"https:\/\/www.sudoestehoje.com.br\/novoportal\/2026\/01\/28\/lula-inicia-2026-com-57-de-desaprovacao-e-34-de-aprovacao-segundo-nova-pesquisa\/","title":{"rendered":"LULA INICIA 2026 COM 57% DE DESAPROVA\u00c7\u00c3O E 34% DE APROVA\u00c7\u00c3O, SEGUNDO NOVA PESQUISA"},"content":{"rendered":"<p><img loading=\"lazy\" decoding=\"async\" class=\"alignnone size-full wp-image-124322\" src=\"https:\/\/www.sudoestehoje.com.br\/novoportal\/wp-content\/uploads\/2026\/01\/WhatsApp-Image-2026-01-28-at-10.39.29.jpeg\" alt=\"\" width=\"1079\" height=\"778\" \/><\/p>\n<p>O presidente Luiz In\u00e1cio Lula da Silva (PT) come\u00e7a 2026, ano marcado pelo calend\u00e1rio eleitoral, enfrentando um cen\u00e1rio de rejei\u00e7\u00e3o. De acordo com dados da pesquisa do instituto PoderData, 57% dos brasileiros desaprovam o desempenho pessoal do presidente, enquanto apenas 34% afirmam aprov\u00e1-lo. O levantamento foi realizado entre os dias 24 e 26 de janeiro.<\/p>\n<p>Os n\u00fameros indicam que a rejei\u00e7\u00e3o ao presidente supera a avalia\u00e7\u00e3o negativa do pr\u00f3prio governo federal. Segundo a pesquisa, 53% dos entrevistados desaprovam a gest\u00e3o como um todo, enquanto 41% dizem aprovar o governo, o que evidencia um desgaste mais acentuado da imagem pessoal de Lula em compara\u00e7\u00e3o com a administra\u00e7\u00e3o federal.<\/p>\n<p>Em mar\u00e7o de 2024, a diferen\u00e7a entre aprova\u00e7\u00e3o e desaprova\u00e7\u00e3o do presidente era de 11 pontos percentuais. Agora, essa dist\u00e2ncia quase dobrou e chegou a 23 pontos.<\/p>\n<p>A pesquisa ouviu 2.500 pessoas com 16 anos ou mais, em 111 munic\u00edpios das 27 unidades da Federa\u00e7\u00e3o. A margem de erro \u00e9 de dois pontos percentuais, para mais ou para menos, e os dados foram ponderados por crit\u00e9rios de sexo, idade, escolaridade, regi\u00e3o e renda familiar.<\/p>\n","protected":false},"excerpt":{"rendered":"<p>O presidente Luiz In\u00e1cio Lula da Silva (PT) come\u00e7a 2026, ano marcado pelo calend\u00e1rio eleitoral, enfrentando um cen\u00e1rio de rejei\u00e7\u00e3o. De acordo com dados da pesquisa do instituto PoderData, 57% dos brasileiros desaprovam o desempenho pessoal do presidente, enquanto apenas 34% afirmam aprov\u00e1-lo. O levantamento foi realizado entre os dias 24 e 26 de janeiro. [&hellip;]<\/p>\n","protected":false},"author":2,"featured_media":124322,"comment_status":"closed","ping_status":"open","sticky":false,"template":"","format":"standard","meta":{"footnotes":"","_links_to":"","_links_to_target":""},"categories":[1],"tags":[],"class_list":["post-124321","post","type-post","status-publish","format-standard","has-post-thumbnail","hentry","category-geral"],"views":497,"_links":{"self":[{"href":"https:\/\/www.sudoestehoje.com.br\/novoportal\/wp-json\/wp\/v2\/posts\/124321","targetHints":{"allow":["GET"]}}],"collection":[{"href":"https:\/\/www.sudoestehoje.com.br\/novoportal\/wp-json\/wp\/v2\/posts"}],"about":[{"href":"https:\/\/www.sudoestehoje.com.br\/novoportal\/wp-json\/wp\/v2\/types\/post"}],"author":[{"embeddable":true,"href":"https:\/\/www.sudoestehoje.com.br\/novoportal\/wp-json\/wp\/v2\/users\/2"}],"replies":[{"embeddable":true,"href":"https:\/\/www.sudoestehoje.com.br\/novoportal\/wp-json\/wp\/v2\/comments?post=124321"}],"version-history":[{"count":1,"href":"https:\/\/www.sudoestehoje.com.br\/novoportal\/wp-json\/wp\/v2\/posts\/124321\/revisions"}],"predecessor-version":[{"id":124323,"href":"https:\/\/www.sudoestehoje.com.br\/novoportal\/wp-json\/wp\/v2\/posts\/124321\/revisions\/124323"}],"wp:featuredmedia":[{"embeddable":true,"href":"https:\/\/www.sudoestehoje.com.br\/novoportal\/wp-json\/wp\/v2\/media\/124322"}],"wp:attachment":[{"href":"https:\/\/www.sudoestehoje.com.br\/novoportal\/wp-json\/wp\/v2\/media?parent=124321"}],"wp:term":[{"taxonomy":"category","embeddable":true,"href":"https:\/\/www.sudoestehoje.com.br\/novoportal\/wp-json\/wp\/v2\/categories?post=124321"},{"taxonomy":"post_tag","embeddable":true,"href":"https:\/\/www.sudoestehoje.com.br\/novoportal\/wp-json\/wp\/v2\/tags?post=124321"}],"curies":[{"name":"wp","href":"https:\/\/api.w.org\/{rel}","templated":true}]}}