
{"id":124316,"date":"2026-01-28T10:28:24","date_gmt":"2026-01-28T13:28:24","guid":{"rendered":"https:\/\/www.sudoestehoje.com.br\/novoportal\/?p=124316"},"modified":"2026-01-28T10:28:24","modified_gmt":"2026-01-28T13:28:24","slug":"regiao-prefeitura-de-caatiba-executa-obras-de-manilhamento-na-serra-pelada-apos-fortes-chuvas","status":"publish","type":"post","link":"https:\/\/www.sudoestehoje.com.br\/novoportal\/2026\/01\/28\/regiao-prefeitura-de-caatiba-executa-obras-de-manilhamento-na-serra-pelada-apos-fortes-chuvas\/","title":{"rendered":"REGI\u00c3O | PREFEITURA DE CAATIBA EXECUTA OBRAS DE MANILHAMENTO NA SERRA PELADA AP\u00d3S FORTES CHUVAS"},"content":{"rendered":"<p><img loading=\"lazy\" decoding=\"async\" class=\"alignnone size-full wp-image-124319\" src=\"https:\/\/www.sudoestehoje.com.br\/novoportal\/wp-content\/uploads\/2026\/01\/WhatsApp-Image-2026-01-28-at-10.26.13.jpeg\" alt=\"\" width=\"1080\" height=\"1189\" \/><\/p>\n<p>A Prefeitura de Caatiba executa obra de manilhamento na estrada vicinal da regi\u00e3o de Serra Pelada, em decorr\u00eancia dos danos estruturais ocasionados pelas fortes chuvas registradas no m\u00eas de dezembro, que comprometeram a trafegabilidade do trecho.<\/p>\n<p>Ap\u00f3s vistoria t\u00e9cnica, o munic\u00edpio acionou o Departamento de Estradas e Rodagem, respons\u00e1vel pela ado\u00e7\u00e3o das medidas necess\u00e1rias para a recupera\u00e7\u00e3o da via, com foco na drenagem adequada, recomposi\u00e7\u00e3o da base e restabelecimento seguro do acesso \u00e0 comunidade local.<\/p>\n<p>Segundo o chefe do Departamento de Estradas e Rodagem, Merquinho, a interven\u00e7\u00e3o atende a uma diretriz direta da gest\u00e3o municipal: \u201cO prefeito Dr. Humberto tem demonstrado aten\u00e7\u00e3o permanente \u00e0 situa\u00e7\u00e3o da regi\u00e3o de Serra Pelada, determinando empenho total da equipe t\u00e9cnica para garantir assist\u00eancia \u00e0 popula\u00e7\u00e3o e a recupera\u00e7\u00e3o adequada da estrada.\u201d<\/p>\n<p>A interven\u00e7\u00e3o integra as a\u00e7\u00f5es de manuten\u00e7\u00e3o e recupera\u00e7\u00e3o da malha vi\u00e1ria rural do munic\u00edpio, assegurando melhores condi\u00e7\u00f5es de mobilidade e seguran\u00e7a para os usu\u00e1rios da via.<\/p>\n","protected":false},"excerpt":{"rendered":"<p>A Prefeitura de Caatiba executa obra de manilhamento na estrada vicinal da regi\u00e3o de Serra Pelada, em decorr\u00eancia dos danos estruturais ocasionados pelas fortes chuvas registradas no m\u00eas de dezembro, que comprometeram a trafegabilidade do trecho. Ap\u00f3s vistoria t\u00e9cnica, o munic\u00edpio acionou o Departamento de Estradas e Rodagem, respons\u00e1vel pela ado\u00e7\u00e3o das medidas necess\u00e1rias para [&hellip;]<\/p>\n","protected":false},"author":2,"featured_media":124319,"comment_status":"closed","ping_status":"open","sticky":false,"template":"","format":"standard","meta":{"footnotes":"","_links_to":"","_links_to_target":""},"categories":[1],"tags":[],"class_list":["post-124316","post","type-post","status-publish","format-standard","has-post-thumbnail","hentry","category-geral"],"views":291,"_links":{"self":[{"href":"https:\/\/www.sudoestehoje.com.br\/novoportal\/wp-json\/wp\/v2\/posts\/124316","targetHints":{"allow":["GET"]}}],"collection":[{"href":"https:\/\/www.sudoestehoje.com.br\/novoportal\/wp-json\/wp\/v2\/posts"}],"about":[{"href":"https:\/\/www.sudoestehoje.com.br\/novoportal\/wp-json\/wp\/v2\/types\/post"}],"author":[{"embeddable":true,"href":"https:\/\/www.sudoestehoje.com.br\/novoportal\/wp-json\/wp\/v2\/users\/2"}],"replies":[{"embeddable":true,"href":"https:\/\/www.sudoestehoje.com.br\/novoportal\/wp-json\/wp\/v2\/comments?post=124316"}],"version-history":[{"count":3,"href":"https:\/\/www.sudoestehoje.com.br\/novoportal\/wp-json\/wp\/v2\/posts\/124316\/revisions"}],"predecessor-version":[{"id":124320,"href":"https:\/\/www.sudoestehoje.com.br\/novoportal\/wp-json\/wp\/v2\/posts\/124316\/revisions\/124320"}],"wp:featuredmedia":[{"embeddable":true,"href":"https:\/\/www.sudoestehoje.com.br\/novoportal\/wp-json\/wp\/v2\/media\/124319"}],"wp:attachment":[{"href":"https:\/\/www.sudoestehoje.com.br\/novoportal\/wp-json\/wp\/v2\/media?parent=124316"}],"wp:term":[{"taxonomy":"category","embeddable":true,"href":"https:\/\/www.sudoestehoje.com.br\/novoportal\/wp-json\/wp\/v2\/categories?post=124316"},{"taxonomy":"post_tag","embeddable":true,"href":"https:\/\/www.sudoestehoje.com.br\/novoportal\/wp-json\/wp\/v2\/tags?post=124316"}],"curies":[{"name":"wp","href":"https:\/\/api.w.org\/{rel}","templated":true}]}}