
{"id":124311,"date":"2026-01-27T09:23:16","date_gmt":"2026-01-27T12:23:16","guid":{"rendered":"https:\/\/www.sudoestehoje.com.br\/novoportal\/?p=124311"},"modified":"2026-01-27T09:23:16","modified_gmt":"2026-01-27T12:23:16","slug":"preco-da-gasolina-vai-ser-reduzido-nesta-terca-mas-nao-deve-chegar-ao-consumidor","status":"publish","type":"post","link":"https:\/\/www.sudoestehoje.com.br\/novoportal\/2026\/01\/27\/preco-da-gasolina-vai-ser-reduzido-nesta-terca-mas-nao-deve-chegar-ao-consumidor\/","title":{"rendered":"PRE\u00c7O DA GASOLINA VAI SER REDUZIDO NESTA TER\u00c7A MAS N\u00c3O DEVE CHEGAR AO CONSUMIDOR"},"content":{"rendered":"<p><img loading=\"lazy\" decoding=\"async\" class=\"alignnone size-full wp-image-124313\" src=\"https:\/\/www.sudoestehoje.com.br\/novoportal\/wp-content\/uploads\/2026\/01\/01d47ae0-f658-11ec-8a34-0584c8f94a0a-wp-960x540-1.jpg\" alt=\"\" width=\"960\" height=\"540\" \/><\/p>\n<p>A Petrobras anunciou nesta segunda-feira (26) uma redu\u00e7\u00e3o de 5,2% no pre\u00e7o da gasolina A vendida \u00e0s distribuidoras. O novo valor passar\u00e1 a vigorar nesta ter\u00e7a-feira (27) em todo o pa\u00eds. Com o reajuste, o pre\u00e7o m\u00e9dio de venda da estatal \u00e0s distribuidoras ser\u00e1 reduzido em R$ 0,14, passando de R$ 2,71 para R$ 2,57 por litro.<\/p>\n<p>A gasolina A \u00e9 o combust\u00edvel puro que sai das refinarias e \u00e9 misturado ao etanol pelas distribuidoras, dando origem \u00e0 gasolina C, que chega ao consumidor final nos postos. Segundo a Petrobras, desde dezembro de 2022, a redu\u00e7\u00e3o acumulada no pre\u00e7o da gasolina j\u00e1 chega a R$ 0,50 por litro, o que corresponde a um recuo de 26,9%, considerando a infla\u00e7\u00e3o do per\u00edodo.<\/p>\n<p>A \u00faltima altera\u00e7\u00e3o no valor do combust\u00edvel havia ocorrido em 21 de outubro de 2025, quando a estatal tamb\u00e9m promoveu uma redu\u00e7\u00e3o de 4,9% no pre\u00e7o \u00e0s distribuidoras.<\/p>\n<p>A diminui\u00e7\u00e3o anunciada agora pode contribuir para um al\u00edvio na infla\u00e7\u00e3o, j\u00e1 que o combust\u00edvel \u00e9 um dos itens com maior peso no \u00cdndice Nacional de Pre\u00e7os ao Consumidor Amplo (IPCA), indicador que mede a infla\u00e7\u00e3o oficial do pa\u00eds. No entanto, o pre\u00e7o final cobrado nas bombas n\u00e3o depende exclusivamente da Petrobras. Ap\u00f3s a venda \u00e0s distribuidoras, o valor sofre influ\u00eancia de fatores como frete, mistura com etanol, carga tribut\u00e1ria e margem de lucro dos postos, o que pode fazer com que o repasse ao consumidor seja parcial ou demore a ocorrer.<\/p>\n","protected":false},"excerpt":{"rendered":"<p>A Petrobras anunciou nesta segunda-feira (26) uma redu\u00e7\u00e3o de 5,2% no pre\u00e7o da gasolina A vendida \u00e0s distribuidoras. O novo valor passar\u00e1 a vigorar nesta ter\u00e7a-feira (27) em todo o pa\u00eds. Com o reajuste, o pre\u00e7o m\u00e9dio de venda da estatal \u00e0s distribuidoras ser\u00e1 reduzido em R$ 0,14, passando de R$ 2,71 para R$ 2,57 [&hellip;]<\/p>\n","protected":false},"author":2,"featured_media":124313,"comment_status":"closed","ping_status":"open","sticky":false,"template":"","format":"standard","meta":{"footnotes":"","_links_to":"","_links_to_target":""},"categories":[1],"tags":[],"class_list":["post-124311","post","type-post","status-publish","format-standard","has-post-thumbnail","hentry","category-geral"],"views":268,"_links":{"self":[{"href":"https:\/\/www.sudoestehoje.com.br\/novoportal\/wp-json\/wp\/v2\/posts\/124311","targetHints":{"allow":["GET"]}}],"collection":[{"href":"https:\/\/www.sudoestehoje.com.br\/novoportal\/wp-json\/wp\/v2\/posts"}],"about":[{"href":"https:\/\/www.sudoestehoje.com.br\/novoportal\/wp-json\/wp\/v2\/types\/post"}],"author":[{"embeddable":true,"href":"https:\/\/www.sudoestehoje.com.br\/novoportal\/wp-json\/wp\/v2\/users\/2"}],"replies":[{"embeddable":true,"href":"https:\/\/www.sudoestehoje.com.br\/novoportal\/wp-json\/wp\/v2\/comments?post=124311"}],"version-history":[{"count":2,"href":"https:\/\/www.sudoestehoje.com.br\/novoportal\/wp-json\/wp\/v2\/posts\/124311\/revisions"}],"predecessor-version":[{"id":124314,"href":"https:\/\/www.sudoestehoje.com.br\/novoportal\/wp-json\/wp\/v2\/posts\/124311\/revisions\/124314"}],"wp:featuredmedia":[{"embeddable":true,"href":"https:\/\/www.sudoestehoje.com.br\/novoportal\/wp-json\/wp\/v2\/media\/124313"}],"wp:attachment":[{"href":"https:\/\/www.sudoestehoje.com.br\/novoportal\/wp-json\/wp\/v2\/media?parent=124311"}],"wp:term":[{"taxonomy":"category","embeddable":true,"href":"https:\/\/www.sudoestehoje.com.br\/novoportal\/wp-json\/wp\/v2\/categories?post=124311"},{"taxonomy":"post_tag","embeddable":true,"href":"https:\/\/www.sudoestehoje.com.br\/novoportal\/wp-json\/wp\/v2\/tags?post=124311"}],"curies":[{"name":"wp","href":"https:\/\/api.w.org\/{rel}","templated":true}]}}