
{"id":124307,"date":"2026-01-27T09:17:37","date_gmt":"2026-01-27T12:17:37","guid":{"rendered":"https:\/\/www.sudoestehoje.com.br\/novoportal\/?p=124307"},"modified":"2026-01-27T09:17:37","modified_gmt":"2026-01-27T12:17:37","slug":"lula-e-galipolo-se-reuniram-com-vorcaro-em-encontro-fora-da-agenda","status":"publish","type":"post","link":"https:\/\/www.sudoestehoje.com.br\/novoportal\/2026\/01\/27\/lula-e-galipolo-se-reuniram-com-vorcaro-em-encontro-fora-da-agenda\/","title":{"rendered":"LULA E GAL\u00cdPOLO SE REUNIRAM COM VORCARO EM ENCONTRO FORA DA AGENDA"},"content":{"rendered":"<p><img loading=\"lazy\" decoding=\"async\" class=\"alignnone size-full wp-image-124309\" src=\"https:\/\/www.sudoestehoje.com.br\/novoportal\/wp-content\/uploads\/2026\/01\/WhatsApp-Image-2026-01-27-at-09.15.57.jpeg\" alt=\"\" width=\"975\" height=\"596\" \/><\/p>\n<p>O presidente Luiz In\u00e1cio Lula da Silva (PT) e o atual presidente do Banco Central (BC), Gabriel Gal\u00edpolo, participaram de uma reuni\u00e3o com o banqueiro Daniel Vorcaro no Pal\u00e1cio do Planalto em dezembro de 2024. O encontro n\u00e3o foi registrado na agenda oficial do presidente e durou aproximadamente uma hora e meia.<\/p>\n<p>Al\u00e9m de Lula e Gal\u00edpolo, tamb\u00e9m estiveram presentes os ministros Rui Costa (Casa Civil) e Alexandre Silveira (Minas e Energia). \u00c0 \u00e9poca, Gal\u00edpolo ainda n\u00e3o havia assumido a presid\u00eancia do Banco Central.<\/p>\n<p>Durante a reuni\u00e3o, o ent\u00e3o CEO do Banco Master, Augusto Lima, relatou uma suposta articula\u00e7\u00e3o de grandes institui\u00e7\u00f5es financeiras para prejudicar o Master e ampliar a concentra\u00e7\u00e3o do mercado. De acordo com informa\u00e7\u00f5es divulgadas pela coluna de Andreza Matais, no Metr\u00f3poles, o ex-ministro Guido Mantega teria intermediado o encontro. Entre julho e novembro de 2025, Mantega atuou como consultor do Master, recebendo cerca de R$ 16 milh\u00f5es em honor\u00e1rios.<\/p>\n<p>Ainda segundo a publica\u00e7\u00e3o, Lula teria solicitado que Gal\u00edpolo conduzisse a situa\u00e7\u00e3o do Master com isen\u00e7\u00e3o ao assumir o Banco Central. Sob sua gest\u00e3o, o BC vetou a negocia\u00e7\u00e3o entre o Master e o Banco de Bras\u00edlia (BRB) e decretou a liquida\u00e7\u00e3o da institui\u00e7\u00e3o financeira controlada por Vorcaro, alegando uma fraude de R$ 12 bilh\u00f5es.<\/p>\n","protected":false},"excerpt":{"rendered":"<p>O presidente Luiz In\u00e1cio Lula da Silva (PT) e o atual presidente do Banco Central (BC), Gabriel Gal\u00edpolo, participaram de uma reuni\u00e3o com o banqueiro Daniel Vorcaro no Pal\u00e1cio do Planalto em dezembro de 2024. O encontro n\u00e3o foi registrado na agenda oficial do presidente e durou aproximadamente uma hora e meia. Al\u00e9m de Lula [&hellip;]<\/p>\n","protected":false},"author":2,"featured_media":124309,"comment_status":"closed","ping_status":"open","sticky":false,"template":"","format":"standard","meta":{"footnotes":"","_links_to":"","_links_to_target":""},"categories":[1],"tags":[],"class_list":["post-124307","post","type-post","status-publish","format-standard","has-post-thumbnail","hentry","category-geral"],"views":415,"_links":{"self":[{"href":"https:\/\/www.sudoestehoje.com.br\/novoportal\/wp-json\/wp\/v2\/posts\/124307","targetHints":{"allow":["GET"]}}],"collection":[{"href":"https:\/\/www.sudoestehoje.com.br\/novoportal\/wp-json\/wp\/v2\/posts"}],"about":[{"href":"https:\/\/www.sudoestehoje.com.br\/novoportal\/wp-json\/wp\/v2\/types\/post"}],"author":[{"embeddable":true,"href":"https:\/\/www.sudoestehoje.com.br\/novoportal\/wp-json\/wp\/v2\/users\/2"}],"replies":[{"embeddable":true,"href":"https:\/\/www.sudoestehoje.com.br\/novoportal\/wp-json\/wp\/v2\/comments?post=124307"}],"version-history":[{"count":2,"href":"https:\/\/www.sudoestehoje.com.br\/novoportal\/wp-json\/wp\/v2\/posts\/124307\/revisions"}],"predecessor-version":[{"id":124310,"href":"https:\/\/www.sudoestehoje.com.br\/novoportal\/wp-json\/wp\/v2\/posts\/124307\/revisions\/124310"}],"wp:featuredmedia":[{"embeddable":true,"href":"https:\/\/www.sudoestehoje.com.br\/novoportal\/wp-json\/wp\/v2\/media\/124309"}],"wp:attachment":[{"href":"https:\/\/www.sudoestehoje.com.br\/novoportal\/wp-json\/wp\/v2\/media?parent=124307"}],"wp:term":[{"taxonomy":"category","embeddable":true,"href":"https:\/\/www.sudoestehoje.com.br\/novoportal\/wp-json\/wp\/v2\/categories?post=124307"},{"taxonomy":"post_tag","embeddable":true,"href":"https:\/\/www.sudoestehoje.com.br\/novoportal\/wp-json\/wp\/v2\/tags?post=124307"}],"curies":[{"name":"wp","href":"https:\/\/api.w.org\/{rel}","templated":true}]}}