
{"id":124303,"date":"2026-01-26T17:34:24","date_gmt":"2026-01-26T20:34:24","guid":{"rendered":"https:\/\/www.sudoestehoje.com.br\/novoportal\/?p=124303"},"modified":"2026-01-26T17:34:24","modified_gmt":"2026-01-26T20:34:24","slug":"eleicoes-com-quem-fica-o-uniao-brasil-de-itapetinga-acm-neto-ou-jeronimo","status":"publish","type":"post","link":"https:\/\/www.sudoestehoje.com.br\/novoportal\/2026\/01\/26\/eleicoes-com-quem-fica-o-uniao-brasil-de-itapetinga-acm-neto-ou-jeronimo\/","title":{"rendered":"ELEI\u00c7\u00d5ES | COM QUEM FICA O UNI\u00c3O BRASIL DE ITAPETINGA? ACM NETO OU JER\u00d4NIMO?"},"content":{"rendered":"<p><img loading=\"lazy\" decoding=\"async\" class=\"alignnone size-full wp-image-124305\" src=\"https:\/\/www.sudoestehoje.com.br\/novoportal\/wp-content\/uploads\/2026\/01\/WhatsApp-Image-2026-01-26-at-09.59.29.jpeg\" alt=\"\" width=\"1078\" height=\"554\" \/><\/p>\n<p>Historicamente ligado ao grupo do velho ACM, o UNI\u00c3O Brasil de Itapetinga, que j\u00e1 foi PFL e DEM, se aliou ao grupo de Michel Hagge, com direito de participar do governo de Rodrigo, inclusive ocupando secretarias.<\/p>\n<p>Com a elei\u00e7\u00e3o de Eduardo, os cargos do Uni\u00e3o Brasil foram preservados, apesar do atual prefeito ter trocado de lado e apoiado o governador do PT, Jer\u00f4nimo Rodrigues.<\/p>\n<p>Para preservar os cargos que possuem na prefeitura, lideran\u00e7as &#8216;carlistas de carteirinha&#8217; v\u00eam manifestando apoio a Eduardo e seus candatos, \u00e0 revelia da dire\u00e7\u00e3o estadual do partido, que tem como candidato ao governo o l\u00edder maior do carlismo, ACM NETO.<\/p>\n<p>A pergunta que n\u00e3o cala \u00e9 a seguinte:<\/p>\n<p>O UNI\u00c3O BRASIL DE ITAPETINGA FICA COM ACM NETO OU CONTINUA COM EDUARDO E O PT DE JER\u00d4NIMO, PRA N\u00c3O PERDER A BOQUINHA?<\/p>\n<p>ME DIGAM A\u00cd, FELIZD\u00caNIO, SEU ZILDO, BAHIA, BILLY GRAHAN E MARA R\u00daBIA&#8230;<\/p>\n<p>A FATURA T\u00c1 CHEGANDO!<\/p>\n<p>Poe Davi Ferraz<\/p>\n","protected":false},"excerpt":{"rendered":"<p>Historicamente ligado ao grupo do velho ACM, o UNI\u00c3O Brasil de Itapetinga, que j\u00e1 foi PFL e DEM, se aliou ao grupo de Michel Hagge, com direito de participar do governo de Rodrigo, inclusive ocupando secretarias. Com a elei\u00e7\u00e3o de Eduardo, os cargos do Uni\u00e3o Brasil foram preservados, apesar do atual prefeito ter trocado de [&hellip;]<\/p>\n","protected":false},"author":2,"featured_media":124305,"comment_status":"closed","ping_status":"open","sticky":false,"template":"","format":"standard","meta":{"footnotes":"","_links_to":"","_links_to_target":""},"categories":[1],"tags":[],"class_list":["post-124303","post","type-post","status-publish","format-standard","has-post-thumbnail","hentry","category-geral"],"views":613,"_links":{"self":[{"href":"https:\/\/www.sudoestehoje.com.br\/novoportal\/wp-json\/wp\/v2\/posts\/124303","targetHints":{"allow":["GET"]}}],"collection":[{"href":"https:\/\/www.sudoestehoje.com.br\/novoportal\/wp-json\/wp\/v2\/posts"}],"about":[{"href":"https:\/\/www.sudoestehoje.com.br\/novoportal\/wp-json\/wp\/v2\/types\/post"}],"author":[{"embeddable":true,"href":"https:\/\/www.sudoestehoje.com.br\/novoportal\/wp-json\/wp\/v2\/users\/2"}],"replies":[{"embeddable":true,"href":"https:\/\/www.sudoestehoje.com.br\/novoportal\/wp-json\/wp\/v2\/comments?post=124303"}],"version-history":[{"count":2,"href":"https:\/\/www.sudoestehoje.com.br\/novoportal\/wp-json\/wp\/v2\/posts\/124303\/revisions"}],"predecessor-version":[{"id":124306,"href":"https:\/\/www.sudoestehoje.com.br\/novoportal\/wp-json\/wp\/v2\/posts\/124303\/revisions\/124306"}],"wp:featuredmedia":[{"embeddable":true,"href":"https:\/\/www.sudoestehoje.com.br\/novoportal\/wp-json\/wp\/v2\/media\/124305"}],"wp:attachment":[{"href":"https:\/\/www.sudoestehoje.com.br\/novoportal\/wp-json\/wp\/v2\/media?parent=124303"}],"wp:term":[{"taxonomy":"category","embeddable":true,"href":"https:\/\/www.sudoestehoje.com.br\/novoportal\/wp-json\/wp\/v2\/categories?post=124303"},{"taxonomy":"post_tag","embeddable":true,"href":"https:\/\/www.sudoestehoje.com.br\/novoportal\/wp-json\/wp\/v2\/tags?post=124303"}],"curies":[{"name":"wp","href":"https:\/\/api.w.org\/{rel}","templated":true}]}}