
{"id":124290,"date":"2026-01-22T17:36:42","date_gmt":"2026-01-22T20:36:42","guid":{"rendered":"https:\/\/www.sudoestehoje.com.br\/novoportal\/?p=124290"},"modified":"2026-01-22T17:36:42","modified_gmt":"2026-01-22T20:36:42","slug":"piso-salarial-dos-professores-tera-reajuste-de-54-e-vai-a-r-5-13063-40-horas","status":"publish","type":"post","link":"https:\/\/www.sudoestehoje.com.br\/novoportal\/2026\/01\/22\/piso-salarial-dos-professores-tera-reajuste-de-54-e-vai-a-r-5-13063-40-horas\/","title":{"rendered":"PISO SALARIAL DOS PROFESSORES TER\u00c1 REAJUSTE DE 5,4% E VAI A R$ 5.130,63\/40 HORAS"},"content":{"rendered":"<p><img loading=\"lazy\" decoding=\"async\" class=\"alignnone size-full wp-image-124295\" src=\"https:\/\/www.sudoestehoje.com.br\/novoportal\/wp-content\/uploads\/2026\/01\/professor-da-rede-estadual-em-sala-de-aula-pernambuco-1_widemd.jpg\" alt=\"\" width=\"551\" height=\"309\" \/><\/p>\n<p>O piso salarial nacional dos profissionais do magist\u00e9rio p\u00fablico da educa\u00e7\u00e3o b\u00e1sica ser\u00e1 de R$ 5.130,63 em 2026. A atualiza\u00e7\u00e3o foi determinada por Medida Provis\u00f3ria (MP) assinada nesta quarta-feira (21) pelo presidente Luiz In\u00e1cio Lula da Silva, que reajustou o valor em 5,4% em rela\u00e7\u00e3o ao piso anterior.<\/p>\n<p>Com a medida, o piso passa de R$ 4.867,77 para R$ 5.130,63, v\u00e1lido para a rede p\u00fablica de ensino em todo o pa\u00eds, considerando jornada semanal de 40 horas. O percentual representa ganho real de 1,5% acima da infla\u00e7\u00e3o, j\u00e1 que o \u00cdndice Nacional de Pre\u00e7os ao Consumidor (INPC) acumulado de 2025 ficou em 3,9%.<\/p>\n<p>A legisla\u00e7\u00e3o federal estabelece que o piso \u00e9 o patamar m\u00ednimo que os professores devem receber no Brasil. Pela norma, o reajuste anual deve ser calculado a partir da soma do INPC do ano anterior e de 50% da varia\u00e7\u00e3o da receita real do Fundeb nos cinco anos anteriores, sempre garantindo que o valor n\u00e3o fique abaixo da infla\u00e7\u00e3o.<\/p>\n<p>No ano passado, seguindo os mesmos crit\u00e9rios, o reajuste foi de 6,27%. As remunera\u00e7\u00f5es dos profissionais da educa\u00e7\u00e3o b\u00e1sica s\u00e3o pagas por estados e prefeituras, com recursos do Fundeb e complementa\u00e7\u00f5es da Uni\u00e3o.<\/p>\n<p>Por ser uma Medida Provis\u00f3ria, a nova regra tem validade imediata, mas ainda depender\u00e1 de aprova\u00e7\u00e3o do Congresso Nacional para se tornar definitiva. A MP ser\u00e1 publicada na pr\u00f3xima edi\u00e7\u00e3o do Di\u00e1rio Oficial da Uni\u00e3o (DOU), nesta quinta-feira (22).<\/p>\n","protected":false},"excerpt":{"rendered":"<p>O piso salarial nacional dos profissionais do magist\u00e9rio p\u00fablico da educa\u00e7\u00e3o b\u00e1sica ser\u00e1 de R$ 5.130,63 em 2026. A atualiza\u00e7\u00e3o foi determinada por Medida Provis\u00f3ria (MP) assinada nesta quarta-feira (21) pelo presidente Luiz In\u00e1cio Lula da Silva, que reajustou o valor em 5,4% em rela\u00e7\u00e3o ao piso anterior. Com a medida, o piso passa de [&hellip;]<\/p>\n","protected":false},"author":2,"featured_media":124295,"comment_status":"closed","ping_status":"open","sticky":false,"template":"","format":"standard","meta":{"footnotes":"","_links_to":"","_links_to_target":""},"categories":[1],"tags":[],"class_list":["post-124290","post","type-post","status-publish","format-standard","has-post-thumbnail","hentry","category-geral"],"views":600,"_links":{"self":[{"href":"https:\/\/www.sudoestehoje.com.br\/novoportal\/wp-json\/wp\/v2\/posts\/124290","targetHints":{"allow":["GET"]}}],"collection":[{"href":"https:\/\/www.sudoestehoje.com.br\/novoportal\/wp-json\/wp\/v2\/posts"}],"about":[{"href":"https:\/\/www.sudoestehoje.com.br\/novoportal\/wp-json\/wp\/v2\/types\/post"}],"author":[{"embeddable":true,"href":"https:\/\/www.sudoestehoje.com.br\/novoportal\/wp-json\/wp\/v2\/users\/2"}],"replies":[{"embeddable":true,"href":"https:\/\/www.sudoestehoje.com.br\/novoportal\/wp-json\/wp\/v2\/comments?post=124290"}],"version-history":[{"count":5,"href":"https:\/\/www.sudoestehoje.com.br\/novoportal\/wp-json\/wp\/v2\/posts\/124290\/revisions"}],"predecessor-version":[{"id":124297,"href":"https:\/\/www.sudoestehoje.com.br\/novoportal\/wp-json\/wp\/v2\/posts\/124290\/revisions\/124297"}],"wp:featuredmedia":[{"embeddable":true,"href":"https:\/\/www.sudoestehoje.com.br\/novoportal\/wp-json\/wp\/v2\/media\/124295"}],"wp:attachment":[{"href":"https:\/\/www.sudoestehoje.com.br\/novoportal\/wp-json\/wp\/v2\/media?parent=124290"}],"wp:term":[{"taxonomy":"category","embeddable":true,"href":"https:\/\/www.sudoestehoje.com.br\/novoportal\/wp-json\/wp\/v2\/categories?post=124290"},{"taxonomy":"post_tag","embeddable":true,"href":"https:\/\/www.sudoestehoje.com.br\/novoportal\/wp-json\/wp\/v2\/tags?post=124290"}],"curies":[{"name":"wp","href":"https:\/\/api.w.org\/{rel}","templated":true}]}}