
{"id":12429,"date":"2012-01-28T00:01:16","date_gmt":"2012-01-28T03:01:16","guid":{"rendered":"http:\/\/www.sudoestehoje.com.br\/novoportal\/?p=12429"},"modified":"2012-01-27T23:32:51","modified_gmt":"2012-01-28T02:32:51","slug":"waldir-pires-admite-se-candidatar-a-vereador-em-salvador","status":"publish","type":"post","link":"https:\/\/www.sudoestehoje.com.br\/novoportal\/2012\/01\/28\/waldir-pires-admite-se-candidatar-a-vereador-em-salvador\/","title":{"rendered":"WALDIR PIRES ADMITE SE CANDIDATAR A VEREADOR EM SALVADOR"},"content":{"rendered":"<p><img decoding=\"async\" class=\"aligncenter\" src=\"http:\/\/3.bp.blogspot.com\/_a_tfntSnD7Y\/S8nOD38M6jI\/AAAAAAAAAyM\/B7IBxjYEHBk\/s1600\/Waldir_pires_lavagem_do_bonfim_Max_haack.jpg\" alt=\"\" width=\"400\" \/><\/p>\n<p style=\"text-align: center;\"><strong><em>Waldir foi ministro, governador, deputado federal&#8230; e agora quer ser vereador<\/em><\/strong><\/p>\n<p>&nbsp;<\/p>\n<p>O baiano Waldir Pires, que traz na sua bagagem pol\u00edtica uma milit\u00e2ncia de 52 anos na pol\u00edtica baiana e brasileira, tendo\u00a0\u00a0 sido eleito a partir de 1954 para os\u00a0 cargos de deputado estadual, governador,\u00a0 senador, al\u00e9m de\u00a0 exercer mais recentemente o cargo de ministro da Defesa no governo Lula, admitiu, em entrevista\u00a0 a uma emissora de r\u00e1dio de Salvador, a possibilidade de disputar vaga de vereador na Capital. \u201cEu n\u00e3o me candidato. J\u00e1 passei dos 80 anos e, no fundo, h\u00e1 um preconceito em rela\u00e7\u00e3o \u00e0 idade. Eu falei: \u2018se voc\u00eas quiserem, fa\u00e7am a candidatura\u2019&#8221;,\u00a0 disse Pires respondendo ao entrevistador sobre as possibilidades de concorrer. Ao ser questionado, em seguida, se aceitaria a miss\u00e3o caso houvesse uma vontade de muitos, ele resumiu: \u201c\u00c9 evidente\u201d. Pires tamb\u00e9m foi instigado a dizer se apoiaria o pr\u00e9-candidato do PT \u00e0 prefeitura de Salvador, Nelson Pelegrino. \u201cEu apoio o candidato do PT. \u00c9 evidente\u201d, comentou.<\/p>\n","protected":false},"excerpt":{"rendered":"<p>Waldir foi ministro, governador, deputado federal&#8230; e agora quer ser vereador &nbsp; O baiano Waldir Pires, que traz na sua bagagem pol\u00edtica uma milit\u00e2ncia de 52 anos na pol\u00edtica baiana e brasileira, tendo\u00a0\u00a0 sido eleito a partir de 1954 para os\u00a0 cargos de deputado estadual, governador,\u00a0 senador, al\u00e9m de\u00a0 exercer mais recentemente o cargo de [&hellip;]<\/p>\n","protected":false},"author":2,"featured_media":0,"comment_status":"open","ping_status":"open","sticky":false,"template":"","format":"standard","meta":{"footnotes":"","_links_to":"","_links_to_target":""},"categories":[1],"tags":[],"class_list":["post-12429","post","type-post","status-publish","format-standard","hentry","category-geral"],"views":1124,"_links":{"self":[{"href":"https:\/\/www.sudoestehoje.com.br\/novoportal\/wp-json\/wp\/v2\/posts\/12429","targetHints":{"allow":["GET"]}}],"collection":[{"href":"https:\/\/www.sudoestehoje.com.br\/novoportal\/wp-json\/wp\/v2\/posts"}],"about":[{"href":"https:\/\/www.sudoestehoje.com.br\/novoportal\/wp-json\/wp\/v2\/types\/post"}],"author":[{"embeddable":true,"href":"https:\/\/www.sudoestehoje.com.br\/novoportal\/wp-json\/wp\/v2\/users\/2"}],"replies":[{"embeddable":true,"href":"https:\/\/www.sudoestehoje.com.br\/novoportal\/wp-json\/wp\/v2\/comments?post=12429"}],"version-history":[{"count":3,"href":"https:\/\/www.sudoestehoje.com.br\/novoportal\/wp-json\/wp\/v2\/posts\/12429\/revisions"}],"predecessor-version":[{"id":12432,"href":"https:\/\/www.sudoestehoje.com.br\/novoportal\/wp-json\/wp\/v2\/posts\/12429\/revisions\/12432"}],"wp:attachment":[{"href":"https:\/\/www.sudoestehoje.com.br\/novoportal\/wp-json\/wp\/v2\/media?parent=12429"}],"wp:term":[{"taxonomy":"category","embeddable":true,"href":"https:\/\/www.sudoestehoje.com.br\/novoportal\/wp-json\/wp\/v2\/categories?post=12429"},{"taxonomy":"post_tag","embeddable":true,"href":"https:\/\/www.sudoestehoje.com.br\/novoportal\/wp-json\/wp\/v2\/tags?post=12429"}],"curies":[{"name":"wp","href":"https:\/\/api.w.org\/{rel}","templated":true}]}}