
{"id":124286,"date":"2026-01-22T09:29:06","date_gmt":"2026-01-22T12:29:06","guid":{"rendered":"https:\/\/www.sudoestehoje.com.br\/novoportal\/?p=124286"},"modified":"2026-01-22T09:29:06","modified_gmt":"2026-01-22T12:29:06","slug":"com-alta-rejeicao-de-jeronimo-lula-sinaliza-que-rui-costa-deve-disputar-o-governo-da-bahia-pelo-pt","status":"publish","type":"post","link":"https:\/\/www.sudoestehoje.com.br\/novoportal\/2026\/01\/22\/com-alta-rejeicao-de-jeronimo-lula-sinaliza-que-rui-costa-deve-disputar-o-governo-da-bahia-pelo-pt\/","title":{"rendered":"COM ALTA REJEI\u00c7\u00c3O DE JER\u00d4NIMO, LULA SINALIZA QUE RUI COSTA DEVE DISPUTAR O GOVERNO DA BAHIA PELO PT"},"content":{"rendered":"<p><img loading=\"lazy\" decoding=\"async\" class=\"alignnone size-full wp-image-124288\" src=\"https:\/\/www.sudoestehoje.com.br\/novoportal\/wp-content\/uploads\/2026\/01\/WhatsApp-Image-2026-01-22-at-09.23.30-1.jpeg\" alt=\"\" width=\"1066\" height=\"809\" \/><\/p>\n<p>O sinal de alerta acendeu no Pal\u00e1cio do Planalto. Diante da alta reprova\u00e7\u00e3o que amarga o governo de Jer\u00f4nimo Rodrigues, o presidente Lula j\u00e1 come\u00e7ou a desenhar o tabuleiro de 2026. Em uma conversa de bastidores com o ministro Rui Costa, revelada pelo Informe Baiano, ficou n\u00edtida a inten\u00e7\u00e3o de sacrificar a reelei\u00e7\u00e3o de Jer\u00f4nimo para trazer o \u201ccorreria\u201d de volta \u00e0 disputa estadual.<\/p>\n<p>Essa movimenta\u00e7\u00e3o tem um motivo claro: o medo real de que ACM Neto consiga, finalmente, levar o caneco e encerrar o ciclo petista na Bahia. Ap\u00f3s 20 anos de hegemonia do grupo, o desgaste da atual gest\u00e3o abriu uma avenida para a oposi\u00e7\u00e3o. Lula sabe que, se mantiver o nome de Jer\u00f4nimo, corre o risco de entregar as chaves do Pal\u00e1cio de Ondina nas m\u00e3os de Neto de bandeja.<\/p>\n<p>A estrat\u00e9gia de trazer Rui Costa \u00e9 a tentativa desesperada de evitar que o favoritismo de<br \/>\nACM Neto se consolide e que o grupo perca o seu maior reduto eleitoral no Brasil.<\/p>\n","protected":false},"excerpt":{"rendered":"<p>O sinal de alerta acendeu no Pal\u00e1cio do Planalto. Diante da alta reprova\u00e7\u00e3o que amarga o governo de Jer\u00f4nimo Rodrigues, o presidente Lula j\u00e1 come\u00e7ou a desenhar o tabuleiro de 2026. Em uma conversa de bastidores com o ministro Rui Costa, revelada pelo Informe Baiano, ficou n\u00edtida a inten\u00e7\u00e3o de sacrificar a reelei\u00e7\u00e3o de Jer\u00f4nimo [&hellip;]<\/p>\n","protected":false},"author":2,"featured_media":124288,"comment_status":"closed","ping_status":"open","sticky":false,"template":"","format":"standard","meta":{"footnotes":"","_links_to":"","_links_to_target":""},"categories":[1],"tags":[],"class_list":["post-124286","post","type-post","status-publish","format-standard","has-post-thumbnail","hentry","category-geral"],"views":614,"_links":{"self":[{"href":"https:\/\/www.sudoestehoje.com.br\/novoportal\/wp-json\/wp\/v2\/posts\/124286","targetHints":{"allow":["GET"]}}],"collection":[{"href":"https:\/\/www.sudoestehoje.com.br\/novoportal\/wp-json\/wp\/v2\/posts"}],"about":[{"href":"https:\/\/www.sudoestehoje.com.br\/novoportal\/wp-json\/wp\/v2\/types\/post"}],"author":[{"embeddable":true,"href":"https:\/\/www.sudoestehoje.com.br\/novoportal\/wp-json\/wp\/v2\/users\/2"}],"replies":[{"embeddable":true,"href":"https:\/\/www.sudoestehoje.com.br\/novoportal\/wp-json\/wp\/v2\/comments?post=124286"}],"version-history":[{"count":2,"href":"https:\/\/www.sudoestehoje.com.br\/novoportal\/wp-json\/wp\/v2\/posts\/124286\/revisions"}],"predecessor-version":[{"id":124289,"href":"https:\/\/www.sudoestehoje.com.br\/novoportal\/wp-json\/wp\/v2\/posts\/124286\/revisions\/124289"}],"wp:featuredmedia":[{"embeddable":true,"href":"https:\/\/www.sudoestehoje.com.br\/novoportal\/wp-json\/wp\/v2\/media\/124288"}],"wp:attachment":[{"href":"https:\/\/www.sudoestehoje.com.br\/novoportal\/wp-json\/wp\/v2\/media?parent=124286"}],"wp:term":[{"taxonomy":"category","embeddable":true,"href":"https:\/\/www.sudoestehoje.com.br\/novoportal\/wp-json\/wp\/v2\/categories?post=124286"},{"taxonomy":"post_tag","embeddable":true,"href":"https:\/\/www.sudoestehoje.com.br\/novoportal\/wp-json\/wp\/v2\/tags?post=124286"}],"curies":[{"name":"wp","href":"https:\/\/api.w.org\/{rel}","templated":true}]}}