
{"id":124279,"date":"2026-01-22T08:22:28","date_gmt":"2026-01-22T11:22:28","guid":{"rendered":"https:\/\/www.sudoestehoje.com.br\/novoportal\/?p=124279"},"modified":"2026-01-22T08:34:37","modified_gmt":"2026-01-22T11:34:37","slug":"politica-encontro-entre-geddel-e-ze-ronaldo-e-interpretado-como-recado-ao-palacio-de-ondina","status":"publish","type":"post","link":"https:\/\/www.sudoestehoje.com.br\/novoportal\/2026\/01\/22\/politica-encontro-entre-geddel-e-ze-ronaldo-e-interpretado-como-recado-ao-palacio-de-ondina\/","title":{"rendered":"POL\u00cdTICA | ENCONTRO ENTRE GEDDEL E Z\u00c9 RONALDO \u00c9 INTERPRETADO COMO RECADO AO PAL\u00c1CIO DE ONDINA"},"content":{"rendered":"<p><img loading=\"lazy\" decoding=\"async\" class=\"alignnone  wp-image-124284\" src=\"https:\/\/www.sudoestehoje.com.br\/novoportal\/wp-content\/uploads\/2026\/01\/zeronaldo-geddel-encontro-jan26-300x241-1.jpeg\" alt=\"\" width=\"558\" height=\"448\" \/><\/p>\n<p>O encontro entre o ex-ministro Geddel Vieira Lima (MDB) e o prefeito de Feira de Santana, Jos\u00e9 Ronaldo de Carvalho (Uni\u00e3o), ocorrido nesta ter\u00e7a-feira (20), na resid\u00eancia do cacique emedebista em Salvador, foi interpretado por integrantes do governo Jer\u00f4nimo Rodrigues (PT) como um gesto pol\u00edtico calculado. Nos bastidores, a leitura predominante \u00e9 a de que o ex-ministro buscou sinalizar que o partido dele mant\u00e9m alternativas caso n\u00e3o seja preservado o espa\u00e7o na chapa majorit\u00e1ria.<\/p>\n<p>A avalia\u00e7\u00e3o no n\u00facleo do governo \u00e9 de que Geddel quis deixar claro que, se o MDB perder a indica\u00e7\u00e3o da vice, pode fazer movimento oposto ao de 2022 e retornar \u00e0 oposi\u00e7\u00e3o. O alerta ocorre em meio \u00e0s negocia\u00e7\u00f5es do PT com o PSD sobre a composi\u00e7\u00e3o para o Senado, que passaram a pressionar diretamente o espa\u00e7o ocupado hoje pelo vice-governador Geraldo J\u00fanior (MDB), cuja reelei\u00e7\u00e3o \u00e9 defendida pelos irm\u00e3os Vieira Lima.<\/p>\n<p>Al\u00e9m disso, um novo fator passou a preocupar o MDB, embora em menor grau: a iminente filia\u00e7\u00e3o do prefeito de Jequi\u00e9, Z\u00e9 Coc\u00e1, ao PSB. Com densidade eleitoral superior \u00e0 de Geraldo J\u00fanior, Coc\u00e1 surge como aposta de setores socialistas para a vice, ampliando a disputa interna e reduzindo a margem de conforto dos emedebistas.<\/p>\n<p>Publicamente, Geddel e Jos\u00e9 Ronaldo minimizaram o encontro, afirmando que a conversa n\u00e3o tratou de alian\u00e7as ou filia\u00e7\u00f5es, mas apenas de pol\u00edtica de forma gen\u00e9rica. Ainda assim, as especula\u00e7\u00f5es ganharam corpo. Uma delas aponta que o prefeito teria sinalizado abertura para levar o MDB de volta \u00e0 oposi\u00e7\u00e3o, com eventual alinhamento \u00e0 chapa liderada por ACM Neto. Nesse caso, Jos\u00e9 Ronaldo seria vice como emedebista.<\/p>\n<p>Outra especula\u00e7\u00e3o que surgiu a partir do encontro, considerada mais palat\u00e1vel ao Pal\u00e1cio, indica que Jos\u00e9 Ronaldo poderia ser sondado para compor como vice em uma eventual chapa governista, pelo MDB.<\/p>\n<p>Alguns fatores alimentaram as especula\u00e7\u00f5es, sobretudo o fato de Jos\u00e9 Ronaldo ter se encontrado com o cacique emedebista ap\u00f3s se reunir com o prefeito Bruno Reis (Uni\u00e3o), no Pal\u00e1cio Thom\u00e9 de Souza.<\/p>\n<p>No governo, a aposta \u00e9 claramente na segunda hip\u00f3tese. A primeira \u00e9 vista como improv\u00e1vel, diante do espa\u00e7o que o MDB ocupa atualmente na administra\u00e7\u00e3o estadual. Ainda assim, aliados de Jer\u00f4nimo admitem, em tom reservado, que quando se trata dos irm\u00e3os Vieira Lima, conv\u00e9m aten\u00e7\u00e3o redobrada: o sil\u00eancio, muitas vezes, fala mais alto que o discurso.<\/p>\n","protected":false},"excerpt":{"rendered":"<p>O encontro entre o ex-ministro Geddel Vieira Lima (MDB) e o prefeito de Feira de Santana, Jos\u00e9 Ronaldo de Carvalho (Uni\u00e3o), ocorrido nesta ter\u00e7a-feira (20), na resid\u00eancia do cacique emedebista em Salvador, foi interpretado por integrantes do governo Jer\u00f4nimo Rodrigues (PT) como um gesto pol\u00edtico calculado. Nos bastidores, a leitura predominante \u00e9 a de que [&hellip;]<\/p>\n","protected":false},"author":2,"featured_media":124284,"comment_status":"closed","ping_status":"open","sticky":false,"template":"","format":"standard","meta":{"footnotes":"","_links_to":"","_links_to_target":""},"categories":[1],"tags":[],"class_list":["post-124279","post","type-post","status-publish","format-standard","has-post-thumbnail","hentry","category-geral"],"views":313,"_links":{"self":[{"href":"https:\/\/www.sudoestehoje.com.br\/novoportal\/wp-json\/wp\/v2\/posts\/124279","targetHints":{"allow":["GET"]}}],"collection":[{"href":"https:\/\/www.sudoestehoje.com.br\/novoportal\/wp-json\/wp\/v2\/posts"}],"about":[{"href":"https:\/\/www.sudoestehoje.com.br\/novoportal\/wp-json\/wp\/v2\/types\/post"}],"author":[{"embeddable":true,"href":"https:\/\/www.sudoestehoje.com.br\/novoportal\/wp-json\/wp\/v2\/users\/2"}],"replies":[{"embeddable":true,"href":"https:\/\/www.sudoestehoje.com.br\/novoportal\/wp-json\/wp\/v2\/comments?post=124279"}],"version-history":[{"count":4,"href":"https:\/\/www.sudoestehoje.com.br\/novoportal\/wp-json\/wp\/v2\/posts\/124279\/revisions"}],"predecessor-version":[{"id":124285,"href":"https:\/\/www.sudoestehoje.com.br\/novoportal\/wp-json\/wp\/v2\/posts\/124279\/revisions\/124285"}],"wp:featuredmedia":[{"embeddable":true,"href":"https:\/\/www.sudoestehoje.com.br\/novoportal\/wp-json\/wp\/v2\/media\/124284"}],"wp:attachment":[{"href":"https:\/\/www.sudoestehoje.com.br\/novoportal\/wp-json\/wp\/v2\/media?parent=124279"}],"wp:term":[{"taxonomy":"category","embeddable":true,"href":"https:\/\/www.sudoestehoje.com.br\/novoportal\/wp-json\/wp\/v2\/categories?post=124279"},{"taxonomy":"post_tag","embeddable":true,"href":"https:\/\/www.sudoestehoje.com.br\/novoportal\/wp-json\/wp\/v2\/tags?post=124279"}],"curies":[{"name":"wp","href":"https:\/\/api.w.org\/{rel}","templated":true}]}}