
{"id":124272,"date":"2026-01-19T12:40:08","date_gmt":"2026-01-19T15:40:08","guid":{"rendered":"https:\/\/www.sudoestehoje.com.br\/novoportal\/?p=124272"},"modified":"2026-01-19T12:40:08","modified_gmt":"2026-01-19T15:40:08","slug":"na-area-social-paulo-camara-se-consolida-como-o-deputado-estadual-que-mais-levou-investimentos-para-itapetinga","status":"publish","type":"post","link":"https:\/\/www.sudoestehoje.com.br\/novoportal\/2026\/01\/19\/na-area-social-paulo-camara-se-consolida-como-o-deputado-estadual-que-mais-levou-investimentos-para-itapetinga\/","title":{"rendered":"Na \u00e1rea social, Paulo C\u00e2mara se consolida como o deputado estadual que mais levou investimentos para Itapetinga"},"content":{"rendered":"<p><img loading=\"lazy\" decoding=\"async\" class=\"alignnone size-full wp-image-124273\" src=\"https:\/\/www.sudoestehoje.com.br\/novoportal\/wp-content\/uploads\/2026\/01\/WhatsApp-Image-2026-01-19-at-12.15.35.jpeg\" alt=\"\" width=\"719\" height=\"502\" \/><\/p>\n<p>Paulo C\u00e2mara (PSDB) se consolida como o deputado estadual que mais levou investimentos para Itapetinga ao longo dos \u00faltimos anos, com cerca de R$ 5 milh\u00f5es destinados a a\u00e7\u00f5es voltadas \u00e0s pol\u00edticas sociais, \u00e0 sa\u00fade, \u00e0 seguran\u00e7a p\u00fablica e ao fortalecimento do setor rural do munic\u00edpio.<\/p>\n<p>Entre as a\u00e7\u00f5es voltadas \u00e0 prote\u00e7\u00e3o social e \u00e0 garantia de direitos, o munic\u00edpio foi contemplado com um Kit Conselho Tutelar, composto por autom\u00f3vel, cinco computadores, impressora, bebedouro e refrigerador, somando aproximadamente R$ 120 mil. A libera\u00e7\u00e3o dos equipamentos ocorreu por meio da Secretaria de Direitos Humanos da Presid\u00eancia da Rep\u00fablica, dentro do programa de fortalecimento do Sistema de Garantia de Direitos da Crian\u00e7a e do Adolescente. O apoio de Paulo C\u00e2mara foi decisivo para assegurar que Itapetinga recebesse o kit e refor\u00e7asse as condi\u00e7\u00f5es de atendimento \u00e0s crian\u00e7as e adolescentes do munic\u00edpio.<\/p>\n<p>Outra frente de atua\u00e7\u00e3o importante foi o apoio \u00e0 Associa\u00e7\u00e3o de Pais e Amigos dos Excepcionais (APAE) de Itapetinga. A entidade recebeu um micro-\u00f4nibus adaptado para o transporte dos pacientes do CER II, al\u00e9m de investimentos em uma brinquedoteca, aparelhos de ar-condicionado, televisor e jogos pedag\u00f3gicos.<\/p>\n<p>Os equipamentos, conquistados gra\u00e7as \u00e0s emendas viabilizadas por Paulo C\u00e2mara, representaram um avan\u00e7o significativo para a institui\u00e7\u00e3o. \u201cForam entregas que trouxeram aos usu\u00e1rios e representantes da entidade o sentimento de mais um sonho realizado\u201d, destacou a dire\u00e7\u00e3o da entidade.<\/p>\n<p>Foto: Ascom\/Deputado<\/p>\n","protected":false},"excerpt":{"rendered":"<p>Paulo C\u00e2mara (PSDB) se consolida como o deputado estadual que mais levou investimentos para Itapetinga ao longo dos \u00faltimos anos, com cerca de R$ 5 milh\u00f5es destinados a a\u00e7\u00f5es voltadas \u00e0s pol\u00edticas sociais, \u00e0 sa\u00fade, \u00e0 seguran\u00e7a p\u00fablica e ao fortalecimento do setor rural do munic\u00edpio. Entre as a\u00e7\u00f5es voltadas \u00e0 prote\u00e7\u00e3o social e \u00e0 [&hellip;]<\/p>\n","protected":false},"author":2,"featured_media":124273,"comment_status":"closed","ping_status":"open","sticky":false,"template":"","format":"standard","meta":{"footnotes":"","_links_to":"","_links_to_target":""},"categories":[1],"tags":[],"class_list":["post-124272","post","type-post","status-publish","format-standard","has-post-thumbnail","hentry","category-geral"],"views":693,"_links":{"self":[{"href":"https:\/\/www.sudoestehoje.com.br\/novoportal\/wp-json\/wp\/v2\/posts\/124272","targetHints":{"allow":["GET"]}}],"collection":[{"href":"https:\/\/www.sudoestehoje.com.br\/novoportal\/wp-json\/wp\/v2\/posts"}],"about":[{"href":"https:\/\/www.sudoestehoje.com.br\/novoportal\/wp-json\/wp\/v2\/types\/post"}],"author":[{"embeddable":true,"href":"https:\/\/www.sudoestehoje.com.br\/novoportal\/wp-json\/wp\/v2\/users\/2"}],"replies":[{"embeddable":true,"href":"https:\/\/www.sudoestehoje.com.br\/novoportal\/wp-json\/wp\/v2\/comments?post=124272"}],"version-history":[{"count":1,"href":"https:\/\/www.sudoestehoje.com.br\/novoportal\/wp-json\/wp\/v2\/posts\/124272\/revisions"}],"predecessor-version":[{"id":124274,"href":"https:\/\/www.sudoestehoje.com.br\/novoportal\/wp-json\/wp\/v2\/posts\/124272\/revisions\/124274"}],"wp:featuredmedia":[{"embeddable":true,"href":"https:\/\/www.sudoestehoje.com.br\/novoportal\/wp-json\/wp\/v2\/media\/124273"}],"wp:attachment":[{"href":"https:\/\/www.sudoestehoje.com.br\/novoportal\/wp-json\/wp\/v2\/media?parent=124272"}],"wp:term":[{"taxonomy":"category","embeddable":true,"href":"https:\/\/www.sudoestehoje.com.br\/novoportal\/wp-json\/wp\/v2\/categories?post=124272"},{"taxonomy":"post_tag","embeddable":true,"href":"https:\/\/www.sudoestehoje.com.br\/novoportal\/wp-json\/wp\/v2\/tags?post=124272"}],"curies":[{"name":"wp","href":"https:\/\/api.w.org\/{rel}","templated":true}]}}