
{"id":124269,"date":"2026-01-16T18:31:34","date_gmt":"2026-01-16T21:31:34","guid":{"rendered":"https:\/\/www.sudoestehoje.com.br\/novoportal\/?p=124269"},"modified":"2026-01-16T18:31:34","modified_gmt":"2026-01-16T21:31:34","slug":"notas-do-enem-2025-ja-estao-disponiveis","status":"publish","type":"post","link":"https:\/\/www.sudoestehoje.com.br\/novoportal\/2026\/01\/16\/notas-do-enem-2025-ja-estao-disponiveis\/","title":{"rendered":"NOTAS DO ENEM 2025 J\u00c1 EST\u00c3O DISPON\u00cdVEIS"},"content":{"rendered":"<p><img loading=\"lazy\" decoding=\"async\" class=\"alignnone size-full wp-image-124270\" src=\"https:\/\/www.sudoestehoje.com.br\/novoportal\/wp-content\/uploads\/2026\/01\/enem-750x430-1.jpg\" alt=\"\" width=\"750\" height=\"430\" \/><\/p>\n<p>As notas do Exame Nacional do Ensino M\u00e9dio (Enem) 2025 j\u00e1 podem ser consultadas na P\u00e1gina do Participante, na internet. Os resultados foram divulgados nesta sexta-feira (16) pelo Minist\u00e9rio da Educa\u00e7\u00e3o (MEC) e pelo Instituto Nacional de Estudos e Pesquisas Educacionais An\u00edsio Teixeira (Inep).<\/p>\n<p>De acordo com o balan\u00e7o da aplica\u00e7\u00e3o do exame, a edi\u00e7\u00e3o de 2025 contou com 4,8 milh\u00f5es de inscritos, dos quais 72% compareceram aos dois dias de provas.<\/p>\n<p>Na P\u00e1gina do Participante, os candidatos podem conferir a nota da reda\u00e7\u00e3o \u2014 que varia de zero a mil pontos \u2014 e as pontua\u00e7\u00f5es obtidas em cada uma das quatro \u00e1reas de conhecimento avaliadas. Para os chamados \u201ctreineiros\u201d, estudantes que ainda n\u00e3o conclu\u00edram o ensino m\u00e9dio em 2025, o boletim individual de desempenho ser\u00e1 disponibilizado em at\u00e9 60 dias ap\u00f3s a divulga\u00e7\u00e3o dos resultados.<\/p>\n<p>Com as notas do Enem, os participantes poder\u00e3o disputar vagas em institui\u00e7\u00f5es p\u00fablicas de ensino superior por meio do Sistema de Sele\u00e7\u00e3o Unificada (Sisu), cujas inscri\u00e7\u00f5es acontecem de 19 a 23 de janeiro. Tamb\u00e9m ser\u00e1 poss\u00edvel concorrer a bolsas de estudo pelo Programa Universidade para Todos (Prouni), no per\u00edodo de 26 a 29 de janeiro, al\u00e9m de utilizar o resultado para acesso ao Fundo de Financiamento Estudantil (Fies).<\/p>\n<p>A inscri\u00e7\u00e3o no Sisu n\u00e3o exige o envio pr\u00e9vio de documentos. No entanto, os candidatos selecionados devem ficar atentos aos prazos, crit\u00e9rios e \u00e0 documenta\u00e7\u00e3o exigida pelas institui\u00e7\u00f5es de ensino superior no momento da matr\u00edcula.<\/p>\n<p>Os participantes que desejam utilizar o Enem 2025 para obter o certificado de conclus\u00e3o do ensino m\u00e9dio tamb\u00e9m devem observar os prazos para solicita\u00e7\u00e3o junto \u00e0s institui\u00e7\u00f5es certificadoras, por meio do portal do Inep. Para ter direito ao certificado, \u00e9 necess\u00e1rio ter indicado essa finalidade no ato da inscri\u00e7\u00e3o, al\u00e9m de alcan\u00e7ar, no m\u00ednimo, 450 pontos em cada \u00e1rea do conhecimento e pelo menos 500 pontos na reda\u00e7\u00e3o.<\/p>\n","protected":false},"excerpt":{"rendered":"<p>As notas do Exame Nacional do Ensino M\u00e9dio (Enem) 2025 j\u00e1 podem ser consultadas na P\u00e1gina do Participante, na internet. Os resultados foram divulgados nesta sexta-feira (16) pelo Minist\u00e9rio da Educa\u00e7\u00e3o (MEC) e pelo Instituto Nacional de Estudos e Pesquisas Educacionais An\u00edsio Teixeira (Inep). De acordo com o balan\u00e7o da aplica\u00e7\u00e3o do exame, a edi\u00e7\u00e3o [&hellip;]<\/p>\n","protected":false},"author":2,"featured_media":124270,"comment_status":"closed","ping_status":"open","sticky":false,"template":"","format":"standard","meta":{"footnotes":"","_links_to":"","_links_to_target":""},"categories":[1],"tags":[],"class_list":["post-124269","post","type-post","status-publish","format-standard","has-post-thumbnail","hentry","category-geral"],"views":318,"_links":{"self":[{"href":"https:\/\/www.sudoestehoje.com.br\/novoportal\/wp-json\/wp\/v2\/posts\/124269","targetHints":{"allow":["GET"]}}],"collection":[{"href":"https:\/\/www.sudoestehoje.com.br\/novoportal\/wp-json\/wp\/v2\/posts"}],"about":[{"href":"https:\/\/www.sudoestehoje.com.br\/novoportal\/wp-json\/wp\/v2\/types\/post"}],"author":[{"embeddable":true,"href":"https:\/\/www.sudoestehoje.com.br\/novoportal\/wp-json\/wp\/v2\/users\/2"}],"replies":[{"embeddable":true,"href":"https:\/\/www.sudoestehoje.com.br\/novoportal\/wp-json\/wp\/v2\/comments?post=124269"}],"version-history":[{"count":1,"href":"https:\/\/www.sudoestehoje.com.br\/novoportal\/wp-json\/wp\/v2\/posts\/124269\/revisions"}],"predecessor-version":[{"id":124271,"href":"https:\/\/www.sudoestehoje.com.br\/novoportal\/wp-json\/wp\/v2\/posts\/124269\/revisions\/124271"}],"wp:featuredmedia":[{"embeddable":true,"href":"https:\/\/www.sudoestehoje.com.br\/novoportal\/wp-json\/wp\/v2\/media\/124270"}],"wp:attachment":[{"href":"https:\/\/www.sudoestehoje.com.br\/novoportal\/wp-json\/wp\/v2\/media?parent=124269"}],"wp:term":[{"taxonomy":"category","embeddable":true,"href":"https:\/\/www.sudoestehoje.com.br\/novoportal\/wp-json\/wp\/v2\/categories?post=124269"},{"taxonomy":"post_tag","embeddable":true,"href":"https:\/\/www.sudoestehoje.com.br\/novoportal\/wp-json\/wp\/v2\/tags?post=124269"}],"curies":[{"name":"wp","href":"https:\/\/api.w.org\/{rel}","templated":true}]}}