
{"id":124264,"date":"2026-01-16T18:10:09","date_gmt":"2026-01-16T21:10:09","guid":{"rendered":"https:\/\/www.sudoestehoje.com.br\/novoportal\/?p=124264"},"modified":"2026-01-16T18:10:09","modified_gmt":"2026-01-16T21:10:09","slug":"janeiro-violento-bahia-registra-mortes-de-dois-pms-nas-primeiras-semanas-de-2026","status":"publish","type":"post","link":"https:\/\/www.sudoestehoje.com.br\/novoportal\/2026\/01\/16\/janeiro-violento-bahia-registra-mortes-de-dois-pms-nas-primeiras-semanas-de-2026\/","title":{"rendered":"JANEIRO VIOLENTO | BAHIA REGISTRA MORTES DE DOIS PMs NAS PRIMEIRAS SEMANAS DE 2026"},"content":{"rendered":"<div class=\"conteudo_post\">\n<p><img loading=\"lazy\" decoding=\"async\" class=\"alignnone size-full wp-image-124266\" src=\"https:\/\/www.sudoestehoje.com.br\/novoportal\/wp-content\/uploads\/2026\/01\/Policia-Militar.jpeg\" alt=\"\" width=\"600\" height=\"420\" \/><\/p>\n<p>Em apenas 15 dias,\u00a0dois policiais militares foram mortos na Bahia em 2026. O caso mais recente ocorreu na noite de quinta-feira (15), quando o\u00a0capit\u00e3o da PM Osni\u00e9sio Pereira Salom\u00e3o, lotado na 18\u00aa CIPM\/Periperi, foi baleado e morto\u00a0durante uma tentativa de assalto na Avenida Contorno, em Salvador, pouco depois da Lavagem do Bonfim.<\/p>\n<p>A primeira morte ocorreu na \u00faltima sexta-feira (9), no munic\u00edpio de Santaluz, regi\u00e3o sisaleira. Na ocasi\u00e3o, um policial militar identificado como Eduardo C\u00e9sar do Nascimento Filho, de 43 anos, foi morto a tiros durante uma persegui\u00e7\u00e3o a assaltantes.<\/p>\n<p>Viol\u00eancia em Salvador e Regi\u00e3o Metropolitana<\/p>\n<p>Os casos ocorrem em um momento de\u00a0escalada de viol\u00eancia na capital baiana e Regi\u00e3o Metropolitana (RMS). Em dezembro de 2025, foram registrados 87 tiroteios, que resultaram em 62 \u00f3bitos e 15 pessoas feridas.<\/p>\n<p>O per\u00edodo tamb\u00e9m foi marcado por epis\u00f3dios de viol\u00eancia extrema,\u00a0incluindo o registro de tr\u00eas mortes em chacinas e o caso de uma pessoa atingida por bala perdida.<\/p>\n<p>A atua\u00e7\u00e3o das for\u00e7as de seguran\u00e7a foi um fator central nesse cen\u00e1rio, estando presente em parte significativa das ocorr\u00eancias.<\/p>\n<\/div>\n<div id=\"author-info\" class=\"ui items\">\n<div class=\"item\"><\/div>\n<\/div>\n","protected":false},"excerpt":{"rendered":"<p>Em apenas 15 dias,\u00a0dois policiais militares foram mortos na Bahia em 2026. O caso mais recente ocorreu na noite de quinta-feira (15), quando o\u00a0capit\u00e3o da PM Osni\u00e9sio Pereira Salom\u00e3o, lotado na 18\u00aa CIPM\/Periperi, foi baleado e morto\u00a0durante uma tentativa de assalto na Avenida Contorno, em Salvador, pouco depois da Lavagem do Bonfim. A primeira morte [&hellip;]<\/p>\n","protected":false},"author":2,"featured_media":124266,"comment_status":"closed","ping_status":"open","sticky":false,"template":"","format":"standard","meta":{"footnotes":"","_links_to":"","_links_to_target":""},"categories":[1],"tags":[],"class_list":["post-124264","post","type-post","status-publish","format-standard","has-post-thumbnail","hentry","category-geral"],"views":367,"_links":{"self":[{"href":"https:\/\/www.sudoestehoje.com.br\/novoportal\/wp-json\/wp\/v2\/posts\/124264","targetHints":{"allow":["GET"]}}],"collection":[{"href":"https:\/\/www.sudoestehoje.com.br\/novoportal\/wp-json\/wp\/v2\/posts"}],"about":[{"href":"https:\/\/www.sudoestehoje.com.br\/novoportal\/wp-json\/wp\/v2\/types\/post"}],"author":[{"embeddable":true,"href":"https:\/\/www.sudoestehoje.com.br\/novoportal\/wp-json\/wp\/v2\/users\/2"}],"replies":[{"embeddable":true,"href":"https:\/\/www.sudoestehoje.com.br\/novoportal\/wp-json\/wp\/v2\/comments?post=124264"}],"version-history":[{"count":2,"href":"https:\/\/www.sudoestehoje.com.br\/novoportal\/wp-json\/wp\/v2\/posts\/124264\/revisions"}],"predecessor-version":[{"id":124267,"href":"https:\/\/www.sudoestehoje.com.br\/novoportal\/wp-json\/wp\/v2\/posts\/124264\/revisions\/124267"}],"wp:featuredmedia":[{"embeddable":true,"href":"https:\/\/www.sudoestehoje.com.br\/novoportal\/wp-json\/wp\/v2\/media\/124266"}],"wp:attachment":[{"href":"https:\/\/www.sudoestehoje.com.br\/novoportal\/wp-json\/wp\/v2\/media?parent=124264"}],"wp:term":[{"taxonomy":"category","embeddable":true,"href":"https:\/\/www.sudoestehoje.com.br\/novoportal\/wp-json\/wp\/v2\/categories?post=124264"},{"taxonomy":"post_tag","embeddable":true,"href":"https:\/\/www.sudoestehoje.com.br\/novoportal\/wp-json\/wp\/v2\/tags?post=124264"}],"curies":[{"name":"wp","href":"https:\/\/api.w.org\/{rel}","templated":true}]}}