
{"id":124247,"date":"2026-01-13T17:19:30","date_gmt":"2026-01-13T20:19:30","guid":{"rendered":"https:\/\/www.sudoestehoje.com.br\/novoportal\/?p=124247"},"modified":"2026-01-13T17:19:30","modified_gmt":"2026-01-13T20:19:30","slug":"paulo-camara-apresenta-projeto-para-proibir-fogos-de-artificio-em-eventos-com-animais-na-bahia","status":"publish","type":"post","link":"https:\/\/www.sudoestehoje.com.br\/novoportal\/2026\/01\/13\/paulo-camara-apresenta-projeto-para-proibir-fogos-de-artificio-em-eventos-com-animais-na-bahia\/","title":{"rendered":"PAULO C\u00c2MARA APRESENTA PROJETO PARA PROIBIR FOGOS DE ARTIF\u00cdCIO EM EVENTOS COM ANIMAIS NA BAHIA"},"content":{"rendered":"<p><img loading=\"lazy\" decoding=\"async\" class=\"alignnone size-full wp-image-124248\" src=\"https:\/\/www.sudoestehoje.com.br\/novoportal\/wp-content\/uploads\/2026\/01\/WhatsApp-Image-2026-01-13-at-12.46.28.jpeg\" alt=\"\" width=\"1600\" height=\"1200\" \/><\/p>\n<p>O deputado estadual Paulo C\u00e2mara (PSDB) deu entrada, na Assembleia Legislativa da Bahia (ALBA), no Projeto de Lei n\u00ba 26.120\/2025, que pro\u00edbe o manuseio, a utiliza\u00e7\u00e3o, a queima e a soltura de fogos de artif\u00edcio e artefatos pirot\u00e9cnicos em eventos realizados com a participa\u00e7\u00e3o de animais ou em \u00e1reas pr\u00f3ximas a locais onde eles se abrigam, em todo o estado da Bahia.<\/p>\n<p>Para C\u00e2mara, a iniciativa responde a uma demanda social cada vez mais presente na atualidade. \u201cOs fogos de artif\u00edcio causam p\u00e2nico, sofrimento e at\u00e9 a morte de muitos animais, que t\u00eam sensibilidade auditiva muito superior \u00e0 humana. Nosso objetivo \u00e9 garantir prote\u00e7\u00e3o, respeito e bem-estar, sem preju\u00edzo \u00e0s comemora\u00e7\u00f5es, mas com responsabilidade\u201d, afirmou o deputado.<\/p>\n<p>Na justificativa do projeto, C\u00e2mara destaca que a Constitui\u00e7\u00e3o Federal e a Constitui\u00e7\u00e3o do Estado da Bahia atribuem ao poder p\u00fablico o dever de proteger a fauna e coibir pr\u00e1ticas que submetam os animais \u00e0 crueldade. Segundo ele, a proposta busca equilibrar tradi\u00e7\u00e3o, seguran\u00e7a e consci\u00eancia ambiental. \u201c\u00c9 uma medida de cuidado com a vida, com a sa\u00fade animal e tamb\u00e9m com a tranquilidade das pessoas\u201d, completou.<\/p>\n<p>O texto estabelece san\u00e7\u00f5es para o descumprimento da norma, incluindo multa, agravamento em caso de reincid\u00eancia e at\u00e9 interdi\u00e7\u00e3o de atividades, quando for o caso, refor\u00e7ando a prote\u00e7\u00e3o ao bem-estar animal e \u00e0 seguran\u00e7a coletiva. O PL segue agora para tramita\u00e7\u00e3o nas comiss\u00f5es tem\u00e1ticas da ALBA.<\/p>\n<p>Foto: Ascom\/Paulo C\u00e2mara<\/p>\n","protected":false},"excerpt":{"rendered":"<p>O deputado estadual Paulo C\u00e2mara (PSDB) deu entrada, na Assembleia Legislativa da Bahia (ALBA), no Projeto de Lei n\u00ba 26.120\/2025, que pro\u00edbe o manuseio, a utiliza\u00e7\u00e3o, a queima e a soltura de fogos de artif\u00edcio e artefatos pirot\u00e9cnicos em eventos realizados com a participa\u00e7\u00e3o de animais ou em \u00e1reas pr\u00f3ximas a locais onde eles se [&hellip;]<\/p>\n","protected":false},"author":2,"featured_media":124248,"comment_status":"closed","ping_status":"open","sticky":false,"template":"","format":"standard","meta":{"footnotes":"","_links_to":"","_links_to_target":""},"categories":[1],"tags":[],"class_list":["post-124247","post","type-post","status-publish","format-standard","has-post-thumbnail","hentry","category-geral"],"views":419,"_links":{"self":[{"href":"https:\/\/www.sudoestehoje.com.br\/novoportal\/wp-json\/wp\/v2\/posts\/124247","targetHints":{"allow":["GET"]}}],"collection":[{"href":"https:\/\/www.sudoestehoje.com.br\/novoportal\/wp-json\/wp\/v2\/posts"}],"about":[{"href":"https:\/\/www.sudoestehoje.com.br\/novoportal\/wp-json\/wp\/v2\/types\/post"}],"author":[{"embeddable":true,"href":"https:\/\/www.sudoestehoje.com.br\/novoportal\/wp-json\/wp\/v2\/users\/2"}],"replies":[{"embeddable":true,"href":"https:\/\/www.sudoestehoje.com.br\/novoportal\/wp-json\/wp\/v2\/comments?post=124247"}],"version-history":[{"count":1,"href":"https:\/\/www.sudoestehoje.com.br\/novoportal\/wp-json\/wp\/v2\/posts\/124247\/revisions"}],"predecessor-version":[{"id":124249,"href":"https:\/\/www.sudoestehoje.com.br\/novoportal\/wp-json\/wp\/v2\/posts\/124247\/revisions\/124249"}],"wp:featuredmedia":[{"embeddable":true,"href":"https:\/\/www.sudoestehoje.com.br\/novoportal\/wp-json\/wp\/v2\/media\/124248"}],"wp:attachment":[{"href":"https:\/\/www.sudoestehoje.com.br\/novoportal\/wp-json\/wp\/v2\/media?parent=124247"}],"wp:term":[{"taxonomy":"category","embeddable":true,"href":"https:\/\/www.sudoestehoje.com.br\/novoportal\/wp-json\/wp\/v2\/categories?post=124247"},{"taxonomy":"post_tag","embeddable":true,"href":"https:\/\/www.sudoestehoje.com.br\/novoportal\/wp-json\/wp\/v2\/tags?post=124247"}],"curies":[{"name":"wp","href":"https:\/\/api.w.org\/{rel}","templated":true}]}}