
{"id":12423,"date":"2012-01-27T23:21:09","date_gmt":"2012-01-28T02:21:09","guid":{"rendered":"http:\/\/www.sudoestehoje.com.br\/novoportal\/?p=12423"},"modified":"2012-01-27T23:21:09","modified_gmt":"2012-01-28T02:21:09","slug":"uesb-abre-concurso-para-professor","status":"publish","type":"post","link":"https:\/\/www.sudoestehoje.com.br\/novoportal\/2012\/01\/27\/uesb-abre-concurso-para-professor\/","title":{"rendered":"UESB ABRE CONCURSO PARA PROFESSOR"},"content":{"rendered":"<p><img decoding=\"async\" class=\"aligncenter\" src=\"http:\/\/nildofreitas.com\/site\/wp-content\/uploads\/2012\/01\/UESB.jpg\" alt=\"\" width=\"400\" \/><\/p>\n<p>Est\u00e1 aberto concurso p\u00fablico para sele\u00e7\u00e3o de professores permanentes da Universidade Estadual do Sudoeste da Bahia (Uesb). Ao todo est\u00e3o sendo disponibilizada 69 vagas para as classes auxiliar, assistente e adjunto.<\/p>\n<p>As<a href=\"http:\/\/www.uesb.br\/concurso\/\">\u00a0inscri\u00e7\u00f5es<\/a>\u00a0s\u00e3o online e poder\u00e3o ser realizadas no per\u00edodo de 23 de fevereiro a 1\u00ba de mar\u00e7o. Os documentos exigidos devem ser entregues ou encaminhados via Sedex no campus onde a vaga escolhida est\u00e1 sendo disponibilizada. Em Vit\u00f3ria da Conquista, o setor que receber\u00e1 a documenta\u00e7\u00e3o \u00e9 a Ger\u00eancia de Acesso e Acompanhamento, e em Jequi\u00e9 e Itapetinga, a Assessoria Acad\u00eamica.<\/p>\n<p>A sele\u00e7\u00e3o acontecer\u00e1 entre os dias 22 e 31 de mar\u00e7o e consta de prova escrita, prova did\u00e1tica te\u00f3rica e\/ou pr\u00e1tica e prova de t\u00edtulos. Os temas para as avalia\u00e7\u00f5es, a sugest\u00e3o bibliogr\u00e1fica b\u00e1sica e o Manual do Candidato ser\u00e3o divulgados em breve.<\/p>\n<p>Os documentos que devem ser apresentados para inscri\u00e7\u00e3o e outras informa\u00e7\u00f5es relativas ao concurso voc\u00ea encontra no Edital 13\/12. Se houver alguma d\u00favida, ligue para \u00a0(77) 3424-8721).<\/p>\n<p><em>Informa\u00e7\u00f5es da Ascom Uesb<\/em><\/p>\n<p>&nbsp;<\/p>\n","protected":false},"excerpt":{"rendered":"<p>Est\u00e1 aberto concurso p\u00fablico para sele\u00e7\u00e3o de professores permanentes da Universidade Estadual do Sudoeste da Bahia (Uesb). Ao todo est\u00e3o sendo disponibilizada 69 vagas para as classes auxiliar, assistente e adjunto. As\u00a0inscri\u00e7\u00f5es\u00a0s\u00e3o online e poder\u00e3o ser realizadas no per\u00edodo de 23 de fevereiro a 1\u00ba de mar\u00e7o. Os documentos exigidos devem ser entregues ou encaminhados [&hellip;]<\/p>\n","protected":false},"author":2,"featured_media":0,"comment_status":"open","ping_status":"open","sticky":false,"template":"","format":"standard","meta":{"footnotes":"","_links_to":"","_links_to_target":""},"categories":[1],"tags":[],"class_list":["post-12423","post","type-post","status-publish","format-standard","hentry","category-geral"],"views":977,"_links":{"self":[{"href":"https:\/\/www.sudoestehoje.com.br\/novoportal\/wp-json\/wp\/v2\/posts\/12423","targetHints":{"allow":["GET"]}}],"collection":[{"href":"https:\/\/www.sudoestehoje.com.br\/novoportal\/wp-json\/wp\/v2\/posts"}],"about":[{"href":"https:\/\/www.sudoestehoje.com.br\/novoportal\/wp-json\/wp\/v2\/types\/post"}],"author":[{"embeddable":true,"href":"https:\/\/www.sudoestehoje.com.br\/novoportal\/wp-json\/wp\/v2\/users\/2"}],"replies":[{"embeddable":true,"href":"https:\/\/www.sudoestehoje.com.br\/novoportal\/wp-json\/wp\/v2\/comments?post=12423"}],"version-history":[{"count":3,"href":"https:\/\/www.sudoestehoje.com.br\/novoportal\/wp-json\/wp\/v2\/posts\/12423\/revisions"}],"predecessor-version":[{"id":12426,"href":"https:\/\/www.sudoestehoje.com.br\/novoportal\/wp-json\/wp\/v2\/posts\/12423\/revisions\/12426"}],"wp:attachment":[{"href":"https:\/\/www.sudoestehoje.com.br\/novoportal\/wp-json\/wp\/v2\/media?parent=12423"}],"wp:term":[{"taxonomy":"category","embeddable":true,"href":"https:\/\/www.sudoestehoje.com.br\/novoportal\/wp-json\/wp\/v2\/categories?post=12423"},{"taxonomy":"post_tag","embeddable":true,"href":"https:\/\/www.sudoestehoje.com.br\/novoportal\/wp-json\/wp\/v2\/tags?post=12423"}],"curies":[{"name":"wp","href":"https:\/\/api.w.org\/{rel}","templated":true}]}}