
{"id":12416,"date":"2012-01-27T23:08:40","date_gmt":"2012-01-28T02:08:40","guid":{"rendered":"http:\/\/www.sudoestehoje.com.br\/novoportal\/?p=12416"},"modified":"2012-01-27T23:08:40","modified_gmt":"2012-01-28T02:08:40","slug":"verdade-cabeluda","status":"publish","type":"post","link":"https:\/\/www.sudoestehoje.com.br\/novoportal\/2012\/01\/27\/verdade-cabeluda\/","title":{"rendered":"VERDADE &#8216;CABELUDA&#8217;"},"content":{"rendered":"<p>Acredite se quiser, mas o prefeito Z\u00e9 Carlos nomeou o cabeludo Roberto &#8216;Pauleira&#8217; com Diretor de Comunica\u00e7\u00e3o da prefeitura, no lugar do radialista Jeremias Pereira, que foi para a Chefia de Gabinete. Na verdade, foi apenas uma jogada para &#8216;legalizar&#8217; o pagamento de R$2.500 reais por m\u00eas, que o cabeludo vem recebendo pelo &#8216;aluguel&#8217; de um hor\u00e1rio na R\u00e1dio Jornal. Tudo isto, \u00e9 claro, articulado por Amaral. Jeremias quis at\u00e9 emplacar M\u00e1rcia Aguiar para o cargo, mas Zen\u00f3bio, que n\u00e3o gosta de Jeremias, vetou a &#8216;ex-gabiraba&#8217;. Tutti buona gente&#8230;<\/p>\n<p>UMA COISA OU OUTRA<\/p>\n<p>Falando no esperto Amaral, que agora vive jurando arrependimento por tudo quanto \u00e9 malfeito que j\u00e1 fez na vida, a casa caiu para o seu lado. Sua esposa, que acumulava as fun\u00e7\u00f5es de policial militar e professora concursada do munic\u00edpio, foi obrigada a optar por apenas um dos empregos, por raz\u00f5es legais. Denunciada na Corregedoria da PM, por algum desafeto do marido, a mo\u00e7a teve que pedir exonera\u00e7\u00e3o do cargo de professora, para n\u00e3o perder os dois. Tadinha&#8230;<\/p>\n<p>FISCAL DE OBRAS<\/p>\n<p>Quem passou pela Avenida Ivete Sangalo (Julio Rodrigues) durante esta semana, se deparou com uma cena curiosa. \u00a0O coitado do Jeremias, um dos \u00faltimos apaixonados pelo prefeito (ou pelo cargo&#8230;), ficou o dia todo, todos os dias, esperando as m\u00e1quinas da firma que ficou de recome\u00e7ar a encalacrada obra. Diante da cena rid\u00edcula, que causou risos e goza\u00e7\u00f5es, as pessoas se perguntavam se o Geremias que deveria estar l\u00e1 n\u00e3o era aquele outro, da secretaria de urbanismo? Ou ser\u00e1 que foi Zen\u00f3bio que botou o coitado l\u00e1, de castigo, para justificar o sal\u00e1rio?<\/p>\n","protected":false},"excerpt":{"rendered":"<p>Acredite se quiser, mas o prefeito Z\u00e9 Carlos nomeou o cabeludo Roberto &#8216;Pauleira&#8217; com Diretor de Comunica\u00e7\u00e3o da prefeitura, no lugar do radialista Jeremias Pereira, que foi para a Chefia de Gabinete. Na verdade, foi apenas uma jogada para &#8216;legalizar&#8217; o pagamento de R$2.500 reais por m\u00eas, que o cabeludo vem recebendo pelo &#8216;aluguel&#8217; de [&hellip;]<\/p>\n","protected":false},"author":2,"featured_media":0,"comment_status":"open","ping_status":"open","sticky":false,"template":"","format":"standard","meta":{"footnotes":"","_links_to":"","_links_to_target":""},"categories":[11],"tags":[],"class_list":["post-12416","post","type-post","status-publish","format-standard","hentry","category-quentinhas"],"views":1344,"_links":{"self":[{"href":"https:\/\/www.sudoestehoje.com.br\/novoportal\/wp-json\/wp\/v2\/posts\/12416","targetHints":{"allow":["GET"]}}],"collection":[{"href":"https:\/\/www.sudoestehoje.com.br\/novoportal\/wp-json\/wp\/v2\/posts"}],"about":[{"href":"https:\/\/www.sudoestehoje.com.br\/novoportal\/wp-json\/wp\/v2\/types\/post"}],"author":[{"embeddable":true,"href":"https:\/\/www.sudoestehoje.com.br\/novoportal\/wp-json\/wp\/v2\/users\/2"}],"replies":[{"embeddable":true,"href":"https:\/\/www.sudoestehoje.com.br\/novoportal\/wp-json\/wp\/v2\/comments?post=12416"}],"version-history":[{"count":1,"href":"https:\/\/www.sudoestehoje.com.br\/novoportal\/wp-json\/wp\/v2\/posts\/12416\/revisions"}],"predecessor-version":[{"id":12417,"href":"https:\/\/www.sudoestehoje.com.br\/novoportal\/wp-json\/wp\/v2\/posts\/12416\/revisions\/12417"}],"wp:attachment":[{"href":"https:\/\/www.sudoestehoje.com.br\/novoportal\/wp-json\/wp\/v2\/media?parent=12416"}],"wp:term":[{"taxonomy":"category","embeddable":true,"href":"https:\/\/www.sudoestehoje.com.br\/novoportal\/wp-json\/wp\/v2\/categories?post=12416"},{"taxonomy":"post_tag","embeddable":true,"href":"https:\/\/www.sudoestehoje.com.br\/novoportal\/wp-json\/wp\/v2\/tags?post=12416"}],"curies":[{"name":"wp","href":"https:\/\/api.w.org\/{rel}","templated":true}]}}