
{"id":124125,"date":"2025-12-10T09:19:02","date_gmt":"2025-12-10T12:19:02","guid":{"rendered":"https:\/\/www.sudoestehoje.com.br\/novoportal\/?p=124125"},"modified":"2025-12-10T09:19:02","modified_gmt":"2025-12-10T12:19:02","slug":"camara-aprova-pl-que-reduz-penas-de-envolvidos-nos-atos-de-8-de-janeiro","status":"publish","type":"post","link":"https:\/\/www.sudoestehoje.com.br\/novoportal\/2025\/12\/10\/camara-aprova-pl-que-reduz-penas-de-envolvidos-nos-atos-de-8-de-janeiro\/","title":{"rendered":"C\u00c2MARA APROVA PL QUE REDUZ PENAS DE ENVOLVIDOS NOS ATOS DE 8 DE JANEIRO"},"content":{"rendered":"<p><img loading=\"lazy\" decoding=\"async\" class=\"alignnone size-full wp-image-124128\" src=\"https:\/\/www.sudoestehoje.com.br\/novoportal\/wp-content\/uploads\/2025\/12\/35809935.jpg\" alt=\"\" width=\"1024\" height=\"512\" \/><\/p>\n<p><strong>A C\u00e2mara dos Deputados aprovou, na madrugada desta quarta-feira (10), o projeto de lei que reduz as penas de envolvidos nas manifesta\u00e7\u00f5es em Bras\u00edlia, acusados de &#8220;trama golpista e atos antidemocr\u00e1ticos&#8221; de 8 de janeiro. <\/strong><\/p>\n<p><strong>Conhecida como \u201cPL da Dosimetria\u201d, a proposta tamb\u00e9m pode alcan\u00e7ar o ex-presidente Jair Bolsonaro (PL).\u00a0O texto passou com 291 votos favor\u00e1veis e 148 contr\u00e1rios e agora segue para aprecia\u00e7\u00e3o do Senado Federal.<\/strong><\/p>\n<p><strong>A proposta estabelece novas regras para o c\u00e1lculo das penas, definindo porcentagens m\u00ednimas para cumprimento e progress\u00e3o de regime. O relator incluiu ainda no texto a previs\u00e3o de que a remi\u00e7\u00e3o de pena pode ser compat\u00edvel com pris\u00e3o domiciliar, medida defendida para evitar o que chamou de \u201cinseguran\u00e7a jur\u00eddica\u201d. <\/strong><\/p>\n<p><strong>Se aprovado tamb\u00e9m no Senado, o projeto pode alterar diretamente situa\u00e7\u00f5es de condenados pelos atos de 8 de janeiro.<\/strong><\/p>\n","protected":false},"excerpt":{"rendered":"<p>A C\u00e2mara dos Deputados aprovou, na madrugada desta quarta-feira (10), o projeto de lei que reduz as penas de envolvidos nas manifesta\u00e7\u00f5es em Bras\u00edlia, acusados de &#8220;trama golpista e atos antidemocr\u00e1ticos&#8221; de 8 de janeiro. Conhecida como \u201cPL da Dosimetria\u201d, a proposta tamb\u00e9m pode alcan\u00e7ar o ex-presidente Jair Bolsonaro (PL).\u00a0O texto passou com 291 votos [&hellip;]<\/p>\n","protected":false},"author":2,"featured_media":124128,"comment_status":"closed","ping_status":"open","sticky":false,"template":"","format":"standard","meta":{"footnotes":"","_links_to":"","_links_to_target":""},"categories":[1],"tags":[],"class_list":["post-124125","post","type-post","status-publish","format-standard","has-post-thumbnail","hentry","category-geral"],"views":397,"_links":{"self":[{"href":"https:\/\/www.sudoestehoje.com.br\/novoportal\/wp-json\/wp\/v2\/posts\/124125","targetHints":{"allow":["GET"]}}],"collection":[{"href":"https:\/\/www.sudoestehoje.com.br\/novoportal\/wp-json\/wp\/v2\/posts"}],"about":[{"href":"https:\/\/www.sudoestehoje.com.br\/novoportal\/wp-json\/wp\/v2\/types\/post"}],"author":[{"embeddable":true,"href":"https:\/\/www.sudoestehoje.com.br\/novoportal\/wp-json\/wp\/v2\/users\/2"}],"replies":[{"embeddable":true,"href":"https:\/\/www.sudoestehoje.com.br\/novoportal\/wp-json\/wp\/v2\/comments?post=124125"}],"version-history":[{"count":3,"href":"https:\/\/www.sudoestehoje.com.br\/novoportal\/wp-json\/wp\/v2\/posts\/124125\/revisions"}],"predecessor-version":[{"id":124129,"href":"https:\/\/www.sudoestehoje.com.br\/novoportal\/wp-json\/wp\/v2\/posts\/124125\/revisions\/124129"}],"wp:featuredmedia":[{"embeddable":true,"href":"https:\/\/www.sudoestehoje.com.br\/novoportal\/wp-json\/wp\/v2\/media\/124128"}],"wp:attachment":[{"href":"https:\/\/www.sudoestehoje.com.br\/novoportal\/wp-json\/wp\/v2\/media?parent=124125"}],"wp:term":[{"taxonomy":"category","embeddable":true,"href":"https:\/\/www.sudoestehoje.com.br\/novoportal\/wp-json\/wp\/v2\/categories?post=124125"},{"taxonomy":"post_tag","embeddable":true,"href":"https:\/\/www.sudoestehoje.com.br\/novoportal\/wp-json\/wp\/v2\/tags?post=124125"}],"curies":[{"name":"wp","href":"https:\/\/api.w.org\/{rel}","templated":true}]}}