
{"id":124116,"date":"2025-12-10T08:57:41","date_gmt":"2025-12-10T11:57:41","guid":{"rendered":"https:\/\/www.sudoestehoje.com.br\/novoportal\/?p=124116"},"modified":"2025-12-10T08:57:41","modified_gmt":"2025-12-10T11:57:41","slug":"golpe-do-falso-advogado-explode-e-oab-tenta-responsabilizar-meta-e-operadoras","status":"publish","type":"post","link":"https:\/\/www.sudoestehoje.com.br\/novoportal\/2025\/12\/10\/golpe-do-falso-advogado-explode-e-oab-tenta-responsabilizar-meta-e-operadoras\/","title":{"rendered":"GOLPE DO FALSO ADVOGADO EXPLODE E OAB TENTA RESPONSABILIZAR META E OPERADORAS"},"content":{"rendered":"<p><img loading=\"lazy\" decoding=\"async\" class=\"alignnone size-full wp-image-124118\" src=\"https:\/\/www.sudoestehoje.com.br\/novoportal\/wp-content\/uploads\/2025\/12\/tela.jpg\" alt=\"\" width=\"942\" height=\"679\" \/><\/p>\n<p><strong>O avan\u00e7o dos golpes do falso advogado no Brasil atingiu um ponto t\u00e3o cr\u00edtico que a Ordem dos Advogados do Brasil \u2013 Se\u00e7\u00e3o S\u00e3o Paulo (OAB-SP) ingressou, na \u00faltima quinta (4), com uma A\u00e7\u00e3o Civil P\u00fablica na Justi\u00e7a Federal. <\/strong><\/p>\n<p><strong>Ap\u00f3s constatar o crescimento acelerado das fraudes, envolvendo criminosos que se passam por escrit\u00f3rios de advocacia para extorquir clientes em processos judiciais, a entidade decidiu responsabilizar a Meta (WhatsApp), a Ag\u00eancia Nacional de Telecomunica\u00e7\u00f5es (Anatel) e as operadoras Vivo, Claro e TIM pela falta de mecanismos eficazes de preven\u00e7\u00e3o.<\/strong><\/p>\n<p><strong>A a\u00e7\u00e3o \u00e9 uma resposta direta ao salto para 3.977 nas den\u00fancias feitas junto a OAB-SP, entre fevereiro e setembro deste ano, de uso indevido de credenciais de advogados. <\/strong><\/p>\n<p><strong>Deste total, 76,3% delas resultaram em preju\u00edzo financeiro efetivo para clientes enganados por golpistas que utilizam dados reais de processos, documentos p\u00fablicos e at\u00e9 intelig\u00eancia artificial para simular vozes.<\/strong><\/p>\n","protected":false},"excerpt":{"rendered":"<p>O avan\u00e7o dos golpes do falso advogado no Brasil atingiu um ponto t\u00e3o cr\u00edtico que a Ordem dos Advogados do Brasil \u2013 Se\u00e7\u00e3o S\u00e3o Paulo (OAB-SP) ingressou, na \u00faltima quinta (4), com uma A\u00e7\u00e3o Civil P\u00fablica na Justi\u00e7a Federal. Ap\u00f3s constatar o crescimento acelerado das fraudes, envolvendo criminosos que se passam por escrit\u00f3rios de advocacia [&hellip;]<\/p>\n","protected":false},"author":2,"featured_media":124118,"comment_status":"closed","ping_status":"open","sticky":false,"template":"","format":"standard","meta":{"footnotes":"","_links_to":"","_links_to_target":""},"categories":[1],"tags":[],"class_list":["post-124116","post","type-post","status-publish","format-standard","has-post-thumbnail","hentry","category-geral"],"views":442,"_links":{"self":[{"href":"https:\/\/www.sudoestehoje.com.br\/novoportal\/wp-json\/wp\/v2\/posts\/124116","targetHints":{"allow":["GET"]}}],"collection":[{"href":"https:\/\/www.sudoestehoje.com.br\/novoportal\/wp-json\/wp\/v2\/posts"}],"about":[{"href":"https:\/\/www.sudoestehoje.com.br\/novoportal\/wp-json\/wp\/v2\/types\/post"}],"author":[{"embeddable":true,"href":"https:\/\/www.sudoestehoje.com.br\/novoportal\/wp-json\/wp\/v2\/users\/2"}],"replies":[{"embeddable":true,"href":"https:\/\/www.sudoestehoje.com.br\/novoportal\/wp-json\/wp\/v2\/comments?post=124116"}],"version-history":[{"count":2,"href":"https:\/\/www.sudoestehoje.com.br\/novoportal\/wp-json\/wp\/v2\/posts\/124116\/revisions"}],"predecessor-version":[{"id":124119,"href":"https:\/\/www.sudoestehoje.com.br\/novoportal\/wp-json\/wp\/v2\/posts\/124116\/revisions\/124119"}],"wp:featuredmedia":[{"embeddable":true,"href":"https:\/\/www.sudoestehoje.com.br\/novoportal\/wp-json\/wp\/v2\/media\/124118"}],"wp:attachment":[{"href":"https:\/\/www.sudoestehoje.com.br\/novoportal\/wp-json\/wp\/v2\/media?parent=124116"}],"wp:term":[{"taxonomy":"category","embeddable":true,"href":"https:\/\/www.sudoestehoje.com.br\/novoportal\/wp-json\/wp\/v2\/categories?post=124116"},{"taxonomy":"post_tag","embeddable":true,"href":"https:\/\/www.sudoestehoje.com.br\/novoportal\/wp-json\/wp\/v2\/tags?post=124116"}],"curies":[{"name":"wp","href":"https:\/\/api.w.org\/{rel}","templated":true}]}}