
{"id":124095,"date":"2025-12-03T10:14:45","date_gmt":"2025-12-03T13:14:45","guid":{"rendered":"https:\/\/www.sudoestehoje.com.br\/novoportal\/?p=124095"},"modified":"2025-12-03T10:18:40","modified_gmt":"2025-12-03T13:18:40","slug":"sudoeste-psicologa-morre-em-batida-com-onibus-da-novo-horizonte-em-caraibas","status":"publish","type":"post","link":"https:\/\/www.sudoestehoje.com.br\/novoportal\/2025\/12\/03\/sudoeste-psicologa-morre-em-batida-com-onibus-da-novo-horizonte-em-caraibas\/","title":{"rendered":"SUDOESTE | PSIC\u00d3LOGA MORRE EM BATIDA COM \u00d4NIBUS DA NOVO HORIZONTE EM CARA\u00cdBAS"},"content":{"rendered":"<p><img loading=\"lazy\" decoding=\"async\" class=\"alignnone size-full wp-image-124096\" src=\"https:\/\/www.sudoestehoje.com.br\/novoportal\/wp-content\/uploads\/2025\/12\/IMG-20251202-WA0617.jpg\" alt=\"\" width=\"720\" height=\"480\" \/><\/p>\n<p><strong>Um tr\u00e1gico acidente na BA-262, no trecho do Povoado da Jiboia, Zona Rural de Cara\u00edbas, que fica a 82 quil\u00f4metros de Vit\u00f3ria da Conquista, resultou na morte de uma v\u00edtima ao meio-dia desta ter\u00e7a-feira (2), ap\u00f3s o choque entre um \u00f4nibus do transporte coletivo intermunicipal da Via\u00e7\u00e3o Novo Horizonte e um Creta.<\/strong><\/p>\n<p><strong>A v\u00edtima fatal dirigia o ve\u00edculo de passeio foi identificada como uma psic\u00f3loga de nome Edilene Carla de Azevedo, de 56 anos (foto), que trabalhava em Brumado.<\/strong><\/p>\n<p><img loading=\"lazy\" decoding=\"async\" class=\"alignnone  wp-image-124098\" src=\"https:\/\/www.sudoestehoje.com.br\/novoportal\/wp-content\/uploads\/2025\/12\/IMG-20251202-WA0765-420x280-1.jpg\" alt=\"\" width=\"549\" height=\"366\" \/><\/p>\n<p><strong>Equipes do Centro de Sa\u00fade Santo Ant\u00f4nio prestaram assist\u00eancia aos feridos no local de destrui\u00e7\u00e3o, e as condi\u00e7\u00f5es dos envolvidos, bem como as causas da trag\u00e9dia, ser\u00e3o apuradas pelo Departamento de Pol\u00edcia T\u00e9cnica, Pol\u00edcia Civil e Companhia Independente de Pol\u00edcia Rodovi\u00e1ria.<\/strong><\/p>\n","protected":false},"excerpt":{"rendered":"<p>Um tr\u00e1gico acidente na BA-262, no trecho do Povoado da Jiboia, Zona Rural de Cara\u00edbas, que fica a 82 quil\u00f4metros de Vit\u00f3ria da Conquista, resultou na morte de uma v\u00edtima ao meio-dia desta ter\u00e7a-feira (2), ap\u00f3s o choque entre um \u00f4nibus do transporte coletivo intermunicipal da Via\u00e7\u00e3o Novo Horizonte e um Creta. A v\u00edtima fatal [&hellip;]<\/p>\n","protected":false},"author":2,"featured_media":124096,"comment_status":"closed","ping_status":"open","sticky":false,"template":"","format":"standard","meta":{"footnotes":"","_links_to":"","_links_to_target":""},"categories":[1],"tags":[],"class_list":["post-124095","post","type-post","status-publish","format-standard","has-post-thumbnail","hentry","category-geral"],"views":503,"_links":{"self":[{"href":"https:\/\/www.sudoestehoje.com.br\/novoportal\/wp-json\/wp\/v2\/posts\/124095","targetHints":{"allow":["GET"]}}],"collection":[{"href":"https:\/\/www.sudoestehoje.com.br\/novoportal\/wp-json\/wp\/v2\/posts"}],"about":[{"href":"https:\/\/www.sudoestehoje.com.br\/novoportal\/wp-json\/wp\/v2\/types\/post"}],"author":[{"embeddable":true,"href":"https:\/\/www.sudoestehoje.com.br\/novoportal\/wp-json\/wp\/v2\/users\/2"}],"replies":[{"embeddable":true,"href":"https:\/\/www.sudoestehoje.com.br\/novoportal\/wp-json\/wp\/v2\/comments?post=124095"}],"version-history":[{"count":3,"href":"https:\/\/www.sudoestehoje.com.br\/novoportal\/wp-json\/wp\/v2\/posts\/124095\/revisions"}],"predecessor-version":[{"id":124100,"href":"https:\/\/www.sudoestehoje.com.br\/novoportal\/wp-json\/wp\/v2\/posts\/124095\/revisions\/124100"}],"wp:featuredmedia":[{"embeddable":true,"href":"https:\/\/www.sudoestehoje.com.br\/novoportal\/wp-json\/wp\/v2\/media\/124096"}],"wp:attachment":[{"href":"https:\/\/www.sudoestehoje.com.br\/novoportal\/wp-json\/wp\/v2\/media?parent=124095"}],"wp:term":[{"taxonomy":"category","embeddable":true,"href":"https:\/\/www.sudoestehoje.com.br\/novoportal\/wp-json\/wp\/v2\/categories?post=124095"},{"taxonomy":"post_tag","embeddable":true,"href":"https:\/\/www.sudoestehoje.com.br\/novoportal\/wp-json\/wp\/v2\/tags?post=124095"}],"curies":[{"name":"wp","href":"https:\/\/api.w.org\/{rel}","templated":true}]}}