
{"id":124078,"date":"2025-12-01T09:49:52","date_gmt":"2025-12-01T12:49:52","guid":{"rendered":"https:\/\/www.sudoestehoje.com.br\/novoportal\/?p=124078"},"modified":"2025-12-01T09:49:52","modified_gmt":"2025-12-01T12:49:52","slug":"economia-estimativa-do-salario-minimo-e-reduzida-pelo-governo-federal","status":"publish","type":"post","link":"https:\/\/www.sudoestehoje.com.br\/novoportal\/2025\/12\/01\/economia-estimativa-do-salario-minimo-e-reduzida-pelo-governo-federal\/","title":{"rendered":"ECONOMIA | ESTIMATIVA DO SAL\u00c1RIO M\u00cdNIMO \u00c9 REDUZIDA PELO GOVERNO FEDERAL"},"content":{"rendered":"<p><img loading=\"lazy\" decoding=\"async\" class=\"alignnone size-full wp-image-124080\" src=\"https:\/\/www.sudoestehoje.com.br\/novoportal\/wp-content\/uploads\/2025\/12\/Governo-reduz-estimativa-do-salario-minimo-de-2026.jpg\" alt=\"\" width=\"650\" height=\"434\" \/><\/p>\n<p><strong>O governo federal revisou para baixo a estimativa do sal\u00e1rio m\u00ednimo em 2026, que passou de R$ 1.631 para R$ 1.627, R$ 4 a menos.<\/strong><\/p>\n<p><strong>O minist\u00e9rio do Planejamento ressalta que o valor definitivo s\u00f3 ser\u00e1 conhecido no in\u00edcio do pr\u00f3ximo ano, ap\u00f3s o c\u00e1lculo do \u00cdndice Nacional de Pre\u00e7os ao Consumidor (INPC) de 12 meses, que ficar\u00e1 dispon\u00edvel a partir de 10 de dezembro.<\/strong><\/p>\n<p><strong>A redu\u00e7\u00e3o na estimativa acompanha a desacelera\u00e7\u00e3o da infla\u00e7\u00e3o no pa\u00eds. O IPCA, \u00edndice oficial de pre\u00e7os, registrou alta de apenas 0,09% em outubro, a menor para o m\u00eas desde 1998, quando ficou em 0,02%. O cen\u00e1rio ocorre em meio \u00e0 pol\u00edtica de juros elevados, com a Selic em 15% ao ano, que contribui para conter a press\u00e3o inflacion\u00e1ria.<\/strong><\/p>\n<p><strong>Segundo informa\u00e7\u00f5es do Minist\u00e9rio do Planejamento, o ajuste menor no sal\u00e1rio m\u00ednimo pode ajudar a reduzir os gastos com aposentadorias, pens\u00f5es e outros benef\u00edcios, diminuindo o risco fiscal.<\/strong><\/p>\n<p><strong>No entanto, o \u00f3rg\u00e3o alerta que a redu\u00e7\u00e3o da press\u00e3o fiscal depende de outros fatores, como a varia\u00e7\u00e3o da base de benefici\u00e1rios, e que o Congresso poder\u00e1 revisar as estimativas durante a tramita\u00e7\u00e3o do PLOA ou nas avalia\u00e7\u00f5es bimestrais de 2026.<\/strong><\/p>\n","protected":false},"excerpt":{"rendered":"<p>O governo federal revisou para baixo a estimativa do sal\u00e1rio m\u00ednimo em 2026, que passou de R$ 1.631 para R$ 1.627, R$ 4 a menos. O minist\u00e9rio do Planejamento ressalta que o valor definitivo s\u00f3 ser\u00e1 conhecido no in\u00edcio do pr\u00f3ximo ano, ap\u00f3s o c\u00e1lculo do \u00cdndice Nacional de Pre\u00e7os ao Consumidor (INPC) de 12 [&hellip;]<\/p>\n","protected":false},"author":2,"featured_media":124080,"comment_status":"closed","ping_status":"open","sticky":false,"template":"","format":"standard","meta":{"footnotes":"","_links_to":"","_links_to_target":""},"categories":[1],"tags":[],"class_list":["post-124078","post","type-post","status-publish","format-standard","has-post-thumbnail","hentry","category-geral"],"views":544,"_links":{"self":[{"href":"https:\/\/www.sudoestehoje.com.br\/novoportal\/wp-json\/wp\/v2\/posts\/124078","targetHints":{"allow":["GET"]}}],"collection":[{"href":"https:\/\/www.sudoestehoje.com.br\/novoportal\/wp-json\/wp\/v2\/posts"}],"about":[{"href":"https:\/\/www.sudoestehoje.com.br\/novoportal\/wp-json\/wp\/v2\/types\/post"}],"author":[{"embeddable":true,"href":"https:\/\/www.sudoestehoje.com.br\/novoportal\/wp-json\/wp\/v2\/users\/2"}],"replies":[{"embeddable":true,"href":"https:\/\/www.sudoestehoje.com.br\/novoportal\/wp-json\/wp\/v2\/comments?post=124078"}],"version-history":[{"count":2,"href":"https:\/\/www.sudoestehoje.com.br\/novoportal\/wp-json\/wp\/v2\/posts\/124078\/revisions"}],"predecessor-version":[{"id":124081,"href":"https:\/\/www.sudoestehoje.com.br\/novoportal\/wp-json\/wp\/v2\/posts\/124078\/revisions\/124081"}],"wp:featuredmedia":[{"embeddable":true,"href":"https:\/\/www.sudoestehoje.com.br\/novoportal\/wp-json\/wp\/v2\/media\/124080"}],"wp:attachment":[{"href":"https:\/\/www.sudoestehoje.com.br\/novoportal\/wp-json\/wp\/v2\/media?parent=124078"}],"wp:term":[{"taxonomy":"category","embeddable":true,"href":"https:\/\/www.sudoestehoje.com.br\/novoportal\/wp-json\/wp\/v2\/categories?post=124078"},{"taxonomy":"post_tag","embeddable":true,"href":"https:\/\/www.sudoestehoje.com.br\/novoportal\/wp-json\/wp\/v2\/tags?post=124078"}],"curies":[{"name":"wp","href":"https:\/\/api.w.org\/{rel}","templated":true}]}}