
{"id":124066,"date":"2025-11-28T09:09:35","date_gmt":"2025-11-28T12:09:35","guid":{"rendered":"https:\/\/www.sudoestehoje.com.br\/novoportal\/?p=124066"},"modified":"2025-11-28T09:09:35","modified_gmt":"2025-11-28T12:09:35","slug":"deputado-rosemberg-pinto-sofre-grave-acidente-na-br-101-e-escapa-da-morte-pela-segunda-vez-em-2-meses","status":"publish","type":"post","link":"https:\/\/www.sudoestehoje.com.br\/novoportal\/2025\/11\/28\/deputado-rosemberg-pinto-sofre-grave-acidente-na-br-101-e-escapa-da-morte-pela-segunda-vez-em-2-meses\/","title":{"rendered":"DEPUTADO ROSEMBERG PINTO SOFRE GRAVE ACIDENTE NA BR-101 E ESCAPA DA MORTE PELA SEGUNDA VEZ EM 2 MESES"},"content":{"rendered":"<p><img loading=\"lazy\" decoding=\"async\" class=\"alignnone size-full wp-image-124068\" src=\"https:\/\/www.sudoestehoje.com.br\/novoportal\/wp-content\/uploads\/2025\/11\/IMG-20251127-WA0031.jpg\" alt=\"\" width=\"1170\" height=\"715\" \/><\/p>\n<p><strong>O deputado estadual Rosemberg Pinto (PT), l\u00edder do governo na Assembleia Legislativa da Bahia (Alba), se envolveu em um grave acidente na tarde desta quinta-feira (27), enquanto seguia por uma estrada nas proximidades do munic\u00edpio de Teol\u00e2ndia, no sul do estado.<\/strong><\/p>\n<p><strong>Segundo as primeiras informa\u00e7\u00f5es, o autom\u00f3vel em que o parlamentar estava foi atingido por outro ve\u00edculo que trafegava na contram\u00e3o. A pista molhada teria dificultado a frenagem e contribu\u00eddo para a colis\u00e3o, que deixou o carro de Rosemberg completamente destru\u00eddo.<\/strong><\/p>\n<p><strong>Apesar do susto, a assessoria do deputado informou que ele e as demais pessoas envolvidas n\u00e3o tiveram ferimentos graves. Todos foram encaminhados para um hospital em Itabuna, onde passaram por avalia\u00e7\u00f5es m\u00e9dicas de rotina.<\/strong><\/p>\n<p><strong>Este foi o segundo acidente grave sofrido pelo deputado no curto per\u00edodo de aproximadamente 2 meses.<\/strong><\/p>\n","protected":false},"excerpt":{"rendered":"<p>O deputado estadual Rosemberg Pinto (PT), l\u00edder do governo na Assembleia Legislativa da Bahia (Alba), se envolveu em um grave acidente na tarde desta quinta-feira (27), enquanto seguia por uma estrada nas proximidades do munic\u00edpio de Teol\u00e2ndia, no sul do estado. Segundo as primeiras informa\u00e7\u00f5es, o autom\u00f3vel em que o parlamentar estava foi atingido por [&hellip;]<\/p>\n","protected":false},"author":2,"featured_media":124068,"comment_status":"closed","ping_status":"open","sticky":false,"template":"","format":"standard","meta":{"footnotes":"","_links_to":"","_links_to_target":""},"categories":[1],"tags":[],"class_list":["post-124066","post","type-post","status-publish","format-standard","has-post-thumbnail","hentry","category-geral"],"views":584,"_links":{"self":[{"href":"https:\/\/www.sudoestehoje.com.br\/novoportal\/wp-json\/wp\/v2\/posts\/124066","targetHints":{"allow":["GET"]}}],"collection":[{"href":"https:\/\/www.sudoestehoje.com.br\/novoportal\/wp-json\/wp\/v2\/posts"}],"about":[{"href":"https:\/\/www.sudoestehoje.com.br\/novoportal\/wp-json\/wp\/v2\/types\/post"}],"author":[{"embeddable":true,"href":"https:\/\/www.sudoestehoje.com.br\/novoportal\/wp-json\/wp\/v2\/users\/2"}],"replies":[{"embeddable":true,"href":"https:\/\/www.sudoestehoje.com.br\/novoportal\/wp-json\/wp\/v2\/comments?post=124066"}],"version-history":[{"count":4,"href":"https:\/\/www.sudoestehoje.com.br\/novoportal\/wp-json\/wp\/v2\/posts\/124066\/revisions"}],"predecessor-version":[{"id":124071,"href":"https:\/\/www.sudoestehoje.com.br\/novoportal\/wp-json\/wp\/v2\/posts\/124066\/revisions\/124071"}],"wp:featuredmedia":[{"embeddable":true,"href":"https:\/\/www.sudoestehoje.com.br\/novoportal\/wp-json\/wp\/v2\/media\/124068"}],"wp:attachment":[{"href":"https:\/\/www.sudoestehoje.com.br\/novoportal\/wp-json\/wp\/v2\/media?parent=124066"}],"wp:term":[{"taxonomy":"category","embeddable":true,"href":"https:\/\/www.sudoestehoje.com.br\/novoportal\/wp-json\/wp\/v2\/categories?post=124066"},{"taxonomy":"post_tag","embeddable":true,"href":"https:\/\/www.sudoestehoje.com.br\/novoportal\/wp-json\/wp\/v2\/tags?post=124066"}],"curies":[{"name":"wp","href":"https:\/\/api.w.org\/{rel}","templated":true}]}}