
{"id":124059,"date":"2025-11-24T16:55:48","date_gmt":"2025-11-24T19:55:48","guid":{"rendered":"https:\/\/www.sudoestehoje.com.br\/novoportal\/?p=124059"},"modified":"2025-11-24T16:55:48","modified_gmt":"2025-11-24T19:55:48","slug":"mais-um-carro-cai-em-galeria-durante-temporal-em-vitoria-da-conquista","status":"publish","type":"post","link":"https:\/\/www.sudoestehoje.com.br\/novoportal\/2025\/11\/24\/mais-um-carro-cai-em-galeria-durante-temporal-em-vitoria-da-conquista\/","title":{"rendered":"MAIS UM CARRO CAI EM GALERIA DURANTE TEMPORAL EM VIT\u00d3RIA DA CONQUISTA"},"content":{"rendered":"<p><img loading=\"lazy\" decoding=\"async\" class=\"alignnone size-full wp-image-124060\" src=\"https:\/\/www.sudoestehoje.com.br\/novoportal\/wp-content\/uploads\/2025\/11\/WhatsApp-Image-2025-11-24-at-16.52.45.jpeg\" alt=\"\" width=\"1079\" height=\"670\" \/><\/p>\n<p><strong>Uma c\u00e2mera de seguran\u00e7a mostrou o momento em que um carro caiu em uma vala do Rio Verruga, na Avenida Caracas, na Zona Leste de Vit\u00f3ria da Conquista, na noite deste domingo (23), durante chuva intensa.<\/strong><\/p>\n<p><strong>De acordo com a imagem, o motorista desce do ve\u00edculo e o deixa ligado, estacionado com o volante virado para a esquerda. Ao sair e caminhar poucos metros, o carro come\u00e7a a se mover, atravessa a pista e cai na vala, sendo arrastado para dentro da tubula\u00e7\u00e3o.<\/strong><\/p>\n<p><strong>A Defesa Civil informou que ningu\u00e9m estava dentro do carro no momento do acidente.\u00a0<\/strong><\/p>\n<p><strong>O local \u00e9 o mesmo onde um motorista e seu ve\u00edculo foram engolidos pela correnteza semanas atr\u00e1s. O motorista escapou por milagre, depois de ser arrastado por cerca de 500 metros dentro de uma galeria de \u00e1guas pluviais.<\/strong><\/p>\n","protected":false},"excerpt":{"rendered":"<p>Uma c\u00e2mera de seguran\u00e7a mostrou o momento em que um carro caiu em uma vala do Rio Verruga, na Avenida Caracas, na Zona Leste de Vit\u00f3ria da Conquista, na noite deste domingo (23), durante chuva intensa. De acordo com a imagem, o motorista desce do ve\u00edculo e o deixa ligado, estacionado com o volante virado [&hellip;]<\/p>\n","protected":false},"author":2,"featured_media":124060,"comment_status":"closed","ping_status":"open","sticky":false,"template":"","format":"standard","meta":{"footnotes":"","_links_to":"","_links_to_target":""},"categories":[1],"tags":[],"class_list":["post-124059","post","type-post","status-publish","format-standard","has-post-thumbnail","hentry","category-geral"],"views":452,"_links":{"self":[{"href":"https:\/\/www.sudoestehoje.com.br\/novoportal\/wp-json\/wp\/v2\/posts\/124059","targetHints":{"allow":["GET"]}}],"collection":[{"href":"https:\/\/www.sudoestehoje.com.br\/novoportal\/wp-json\/wp\/v2\/posts"}],"about":[{"href":"https:\/\/www.sudoestehoje.com.br\/novoportal\/wp-json\/wp\/v2\/types\/post"}],"author":[{"embeddable":true,"href":"https:\/\/www.sudoestehoje.com.br\/novoportal\/wp-json\/wp\/v2\/users\/2"}],"replies":[{"embeddable":true,"href":"https:\/\/www.sudoestehoje.com.br\/novoportal\/wp-json\/wp\/v2\/comments?post=124059"}],"version-history":[{"count":1,"href":"https:\/\/www.sudoestehoje.com.br\/novoportal\/wp-json\/wp\/v2\/posts\/124059\/revisions"}],"predecessor-version":[{"id":124061,"href":"https:\/\/www.sudoestehoje.com.br\/novoportal\/wp-json\/wp\/v2\/posts\/124059\/revisions\/124061"}],"wp:featuredmedia":[{"embeddable":true,"href":"https:\/\/www.sudoestehoje.com.br\/novoportal\/wp-json\/wp\/v2\/media\/124060"}],"wp:attachment":[{"href":"https:\/\/www.sudoestehoje.com.br\/novoportal\/wp-json\/wp\/v2\/media?parent=124059"}],"wp:term":[{"taxonomy":"category","embeddable":true,"href":"https:\/\/www.sudoestehoje.com.br\/novoportal\/wp-json\/wp\/v2\/categories?post=124059"},{"taxonomy":"post_tag","embeddable":true,"href":"https:\/\/www.sudoestehoje.com.br\/novoportal\/wp-json\/wp\/v2\/tags?post=124059"}],"curies":[{"name":"wp","href":"https:\/\/api.w.org\/{rel}","templated":true}]}}