
{"id":124021,"date":"2025-11-20T11:09:54","date_gmt":"2025-11-20T14:09:54","guid":{"rendered":"https:\/\/www.sudoestehoje.com.br\/novoportal\/?p=124021"},"modified":"2025-11-20T11:58:37","modified_gmt":"2025-11-20T14:58:37","slug":"itapetinga-na-expectativa-da-decoracao-de-natal-na-praca-dairy-valley","status":"publish","type":"post","link":"https:\/\/www.sudoestehoje.com.br\/novoportal\/2025\/11\/20\/itapetinga-na-expectativa-da-decoracao-de-natal-na-praca-dairy-valley\/","title":{"rendered":"ITAPETINGA NA EXPECTATIVA DA DECORA\u00c7\u00c3O DE NATAL NA PRA\u00c7A DAIRY VALLEY"},"content":{"rendered":"<p><img loading=\"lazy\" decoding=\"async\" class=\"alignnone size-full wp-image-124023\" src=\"https:\/\/www.sudoestehoje.com.br\/novoportal\/wp-content\/uploads\/2025\/11\/WhatsApp-Image-2023-12-07-at-09.27.17-2-600x338-1.jpeg\" alt=\"\" width=\"600\" height=\"297\" \/><\/p>\n<p><strong>O sil\u00eancio ensurdecedor da prefeitura de Itapetinga est\u00e1 incomodando boa parte da popula\u00e7\u00e3o que espera ansiosamente pelas comemora\u00e7\u00f5es de Natal, principalmente no que diz respeito \u00e0 decora\u00e7\u00e3o da cidade, nas sua ruas e pra\u00e7as principais.<\/strong><\/p>\n<p><strong>Atolado na leseira administrativa do seu fraco governo e culpando seu antecessor de tudo de ruim que acontece, o prefeito Eduardo Hagge pensa na possibilidade de cancelar as comemora\u00e7\u00f5es de Natal, como fez com o Dia Das Crian\u00e7as, que vinha sendo comemorado no Parque da Lagoa, anualmente, frustrando a meninada e suas fam\u00edlias.<\/strong><\/p>\n<p><strong>Prefeito, bota pelo menos uns pisca-piscas nas \u00e1rvores da pra\u00e7a e da lagoa, para o nosso tradicional Natal n\u00e3o passar em branco.<\/strong><\/p>\n<p><strong>N\u00e3o vale mais colocar a culpa nos outros, \u00e9 hora de governar de verdade!!!<\/strong><\/p>\n<p><strong>Por Davi Ferraz\u00a0<\/strong><\/p>\n","protected":false},"excerpt":{"rendered":"<p>O sil\u00eancio ensurdecedor da prefeitura de Itapetinga est\u00e1 incomodando boa parte da popula\u00e7\u00e3o que espera ansiosamente pelas comemora\u00e7\u00f5es de Natal, principalmente no que diz respeito \u00e0 decora\u00e7\u00e3o da cidade, nas sua ruas e pra\u00e7as principais. Atolado na leseira administrativa do seu fraco governo e culpando seu antecessor de tudo de ruim que acontece, o prefeito [&hellip;]<\/p>\n","protected":false},"author":2,"featured_media":124023,"comment_status":"closed","ping_status":"open","sticky":false,"template":"","format":"standard","meta":{"footnotes":"","_links_to":"","_links_to_target":""},"categories":[1],"tags":[],"class_list":["post-124021","post","type-post","status-publish","format-standard","has-post-thumbnail","hentry","category-geral"],"views":791,"_links":{"self":[{"href":"https:\/\/www.sudoestehoje.com.br\/novoportal\/wp-json\/wp\/v2\/posts\/124021","targetHints":{"allow":["GET"]}}],"collection":[{"href":"https:\/\/www.sudoestehoje.com.br\/novoportal\/wp-json\/wp\/v2\/posts"}],"about":[{"href":"https:\/\/www.sudoestehoje.com.br\/novoportal\/wp-json\/wp\/v2\/types\/post"}],"author":[{"embeddable":true,"href":"https:\/\/www.sudoestehoje.com.br\/novoportal\/wp-json\/wp\/v2\/users\/2"}],"replies":[{"embeddable":true,"href":"https:\/\/www.sudoestehoje.com.br\/novoportal\/wp-json\/wp\/v2\/comments?post=124021"}],"version-history":[{"count":4,"href":"https:\/\/www.sudoestehoje.com.br\/novoportal\/wp-json\/wp\/v2\/posts\/124021\/revisions"}],"predecessor-version":[{"id":124026,"href":"https:\/\/www.sudoestehoje.com.br\/novoportal\/wp-json\/wp\/v2\/posts\/124021\/revisions\/124026"}],"wp:featuredmedia":[{"embeddable":true,"href":"https:\/\/www.sudoestehoje.com.br\/novoportal\/wp-json\/wp\/v2\/media\/124023"}],"wp:attachment":[{"href":"https:\/\/www.sudoestehoje.com.br\/novoportal\/wp-json\/wp\/v2\/media?parent=124021"}],"wp:term":[{"taxonomy":"category","embeddable":true,"href":"https:\/\/www.sudoestehoje.com.br\/novoportal\/wp-json\/wp\/v2\/categories?post=124021"},{"taxonomy":"post_tag","embeddable":true,"href":"https:\/\/www.sudoestehoje.com.br\/novoportal\/wp-json\/wp\/v2\/tags?post=124021"}],"curies":[{"name":"wp","href":"https:\/\/api.w.org\/{rel}","templated":true}]}}