
{"id":124013,"date":"2025-11-17T17:12:16","date_gmt":"2025-11-17T20:12:16","guid":{"rendered":"https:\/\/www.sudoestehoje.com.br\/novoportal\/?p=124013"},"modified":"2025-11-17T17:12:16","modified_gmt":"2025-11-17T20:12:16","slug":"itapetinga-rodrigo-hagge-coordenara-campanha-de-acm-neto-na-regiao-e-nomeacoes-para-cargos-do-estado-em-caso-de-vitoria","status":"publish","type":"post","link":"https:\/\/www.sudoestehoje.com.br\/novoportal\/2025\/11\/17\/itapetinga-rodrigo-hagge-coordenara-campanha-de-acm-neto-na-regiao-e-nomeacoes-para-cargos-do-estado-em-caso-de-vitoria\/","title":{"rendered":"ITAPETINGA | RODRIGO HAGGE COORDENAR\u00c1 CAMPANHA DE ACM NETO NA REGI\u00c3O E NOMEA\u00c7\u00d5ES PARA CARGOS DO ESTADO, EM CASO DE VIT\u00d3RIA"},"content":{"rendered":"<p><img loading=\"lazy\" decoding=\"async\" class=\"alignnone size-full wp-image-124015\" src=\"https:\/\/www.sudoestehoje.com.br\/novoportal\/wp-content\/uploads\/2025\/11\/acm4.jpg\" alt=\"\" width=\"503\" height=\"330\" \/><\/p>\n<p><strong>Amigo pessoal do ex-prefeito de Salvador ACM Neto, o pr\u00e9-candidato a deputado estadual Rodrigo Hagge ter\u00e1 dois papeis importantes no grupo, a partir de janeiro de 2026, no m\u00e9dio sudoeste baiano, que engloba os munic\u00edpios de Itapetinga, Itamb\u00e9, Caatiba, Macarani, Itoror\u00f3, Maiquinique, Potiragu\u00e1, Itarantim, Firmino Alves, Ibicu\u00ed, Igua\u00ed, Nova Cana\u00e3 e Santa Cruz da Vit\u00f3ria.<\/strong><\/p>\n<p><strong>COORDENA\u00c7\u00c3O REGIONAL DA CAMPANHA DE ACM NETO<\/strong><\/p>\n<p><strong>O primeiro papel do jovem l\u00edder regional, independente da sua campanha para deputado estadual pela oposi\u00e7\u00e3o ao atual governo, \u00e9 coordenar e consolidar uma base de apoio a ACM Neto nestes munic\u00edpios, mobilizando lideran\u00e7as pol\u00edticas locais capazes de conduzir a campanha de Neto nas suas cidades, viabilizando palanque e aumentando a base de apoio da oposi\u00e7\u00e3o ao governo. <\/strong><\/p>\n<p><strong>Para isto, Rodrigo e seus aliados percorrer\u00e3o toda a regi\u00e3o, reunindo essa base oposicionista e aliados descontentes com o governo do estado, que vem falhando feio com seus aliados atrav\u00e9s de promessas vazias, nunca cumpridas.<\/strong><\/p>\n<p><strong>FUTURAS NOMEA\u00c7\u00d5ES PARA CARGOS DO GOVERNO<\/strong><\/p>\n<p><strong>O segundo papel de Rodrigo ao lado de ACM Neto, em caso de vit\u00f3ria nas elei\u00e7\u00f5es, ser\u00e1 o de organizar a base vitoriosa e detectar apoiadores fi\u00e9is e comprometidos com a CAMPANHA DA DIREITA durante a elei\u00e7\u00e3o, para ocupar cargos de nomea\u00e7\u00e3o do novo governador, a partir de 2027, sem o risco de nomear oportunistas infi\u00e9is e correligion\u00e1rios de \u00faltima hora.<\/strong><\/p>\n<p><strong>Em qualquer hip\u00f3tese, seja como deputado ou membro da equipe de ACM Neto, Rodrigo Hagge ter\u00e1 papel importante num potencial novo governo.<\/strong><\/p>\n<p><strong>Rodrigo \u00e9 a voz de Neto na regi\u00e3o e vai cumprir \u00e0 risca o seu papel.<\/strong><\/p>\n<p><strong>Por Davi Ferraz\u00a0<\/strong><\/p>\n","protected":false},"excerpt":{"rendered":"<p>Amigo pessoal do ex-prefeito de Salvador ACM Neto, o pr\u00e9-candidato a deputado estadual Rodrigo Hagge ter\u00e1 dois papeis importantes no grupo, a partir de janeiro de 2026, no m\u00e9dio sudoeste baiano, que engloba os munic\u00edpios de Itapetinga, Itamb\u00e9, Caatiba, Macarani, Itoror\u00f3, Maiquinique, Potiragu\u00e1, Itarantim, Firmino Alves, Ibicu\u00ed, Igua\u00ed, Nova Cana\u00e3 e Santa Cruz da Vit\u00f3ria. [&hellip;]<\/p>\n","protected":false},"author":2,"featured_media":124015,"comment_status":"closed","ping_status":"open","sticky":false,"template":"","format":"standard","meta":{"footnotes":"","_links_to":"","_links_to_target":""},"categories":[1],"tags":[],"class_list":["post-124013","post","type-post","status-publish","format-standard","has-post-thumbnail","hentry","category-geral"],"views":1032,"_links":{"self":[{"href":"https:\/\/www.sudoestehoje.com.br\/novoportal\/wp-json\/wp\/v2\/posts\/124013","targetHints":{"allow":["GET"]}}],"collection":[{"href":"https:\/\/www.sudoestehoje.com.br\/novoportal\/wp-json\/wp\/v2\/posts"}],"about":[{"href":"https:\/\/www.sudoestehoje.com.br\/novoportal\/wp-json\/wp\/v2\/types\/post"}],"author":[{"embeddable":true,"href":"https:\/\/www.sudoestehoje.com.br\/novoportal\/wp-json\/wp\/v2\/users\/2"}],"replies":[{"embeddable":true,"href":"https:\/\/www.sudoestehoje.com.br\/novoportal\/wp-json\/wp\/v2\/comments?post=124013"}],"version-history":[{"count":4,"href":"https:\/\/www.sudoestehoje.com.br\/novoportal\/wp-json\/wp\/v2\/posts\/124013\/revisions"}],"predecessor-version":[{"id":124018,"href":"https:\/\/www.sudoestehoje.com.br\/novoportal\/wp-json\/wp\/v2\/posts\/124013\/revisions\/124018"}],"wp:featuredmedia":[{"embeddable":true,"href":"https:\/\/www.sudoestehoje.com.br\/novoportal\/wp-json\/wp\/v2\/media\/124015"}],"wp:attachment":[{"href":"https:\/\/www.sudoestehoje.com.br\/novoportal\/wp-json\/wp\/v2\/media?parent=124013"}],"wp:term":[{"taxonomy":"category","embeddable":true,"href":"https:\/\/www.sudoestehoje.com.br\/novoportal\/wp-json\/wp\/v2\/categories?post=124013"},{"taxonomy":"post_tag","embeddable":true,"href":"https:\/\/www.sudoestehoje.com.br\/novoportal\/wp-json\/wp\/v2\/tags?post=124013"}],"curies":[{"name":"wp","href":"https:\/\/api.w.org\/{rel}","templated":true}]}}