
{"id":12401,"date":"2012-01-27T21:45:19","date_gmt":"2012-01-28T00:45:19","guid":{"rendered":"http:\/\/www.sudoestehoje.com.br\/novoportal\/?p=12401"},"modified":"2012-01-27T21:45:19","modified_gmt":"2012-01-28T00:45:19","slug":"rio-banco-itau-nega-que-tenha-3-milhoes-debaixo-dos-escombros","status":"publish","type":"post","link":"https:\/\/www.sudoestehoje.com.br\/novoportal\/2012\/01\/27\/rio-banco-itau-nega-que-tenha-3-milhoes-debaixo-dos-escombros\/","title":{"rendered":"RIO: BANCO ITA\u00da NEGA QUE TENHA 3 MILH\u00d5ES DEBAIXO DOS ESCOMBROS"},"content":{"rendered":"<p><img decoding=\"async\" class=\"aligncenter\" src=\"http:\/\/www.bahia247.com.br\/get_img?ImageWidth=651&amp;ImageId=17145\" alt=\"Ita\u00fa nega que tenha R$ 3 milh\u00f5es em escombros no Rio\" width=\"400\" \/><\/p>\n<p>A assessoria do Banco Ita\u00fa Unibanco desmentiu hoje que a ag\u00eancia banc\u00e1ria atingida pelo desabamento de tr\u00eas pr\u00e9dios, na Avenida 13 de Maio, no Centro do Rio, na noite de quarta-feira, 25, estaria com cerca de R$ 3 milh\u00f5es dentro do cofre.<\/p>\n<p>Segundo a assessoria do Banco Ita\u00fa, nenhum banco trabalha com uma quantia t\u00e3o grande como a divulgada hoje em sites de comunica\u00e7\u00e3o. Ainda est\u00e1 sendo feito um levantamento sobre a quantia guardada no cofre da ag\u00eancia, segundo a empresa.<\/p>\n<p>Em nota, o banco explica que representantes do setor administrativo est\u00e3o no local acompanhando os trabalhos do Corpo de Bombeiros, Defesa Civil e demais autoridades e, assim, adotar as provid\u00eancias cab\u00edveis e necess\u00e1rias.<\/p>\n<p>N\u00e3o h\u00e1 registro de que havia funcion\u00e1rios e nem sequer clientes do banco na ag\u00eancia de n\u00famero 0607 &#8211; 13 de Maio, que n\u00e3o tinha hall de atendimento com caixas eletr\u00f4nicos 24h. O funcionamento da ag\u00eancia encerrou-se \u00e0s 16h.<\/p>\n<p>Segundo a nota, a partir de hoje, os clientes desta ag\u00eancia afetada ser\u00e3o atendidos pelas 11 outras unidades que funcionam no entorno, em um raio de no m\u00e1ximo 300 metros de dist\u00e2ncia da Av. 13 de maio.<\/p>\n","protected":false},"excerpt":{"rendered":"<p>A assessoria do Banco Ita\u00fa Unibanco desmentiu hoje que a ag\u00eancia banc\u00e1ria atingida pelo desabamento de tr\u00eas pr\u00e9dios, na Avenida 13 de Maio, no Centro do Rio, na noite de quarta-feira, 25, estaria com cerca de R$ 3 milh\u00f5es dentro do cofre. Segundo a assessoria do Banco Ita\u00fa, nenhum banco trabalha com uma quantia t\u00e3o [&hellip;]<\/p>\n","protected":false},"author":2,"featured_media":0,"comment_status":"open","ping_status":"open","sticky":false,"template":"","format":"standard","meta":{"footnotes":"","_links_to":"","_links_to_target":""},"categories":[1],"tags":[],"class_list":["post-12401","post","type-post","status-publish","format-standard","hentry","category-geral"],"views":1078,"_links":{"self":[{"href":"https:\/\/www.sudoestehoje.com.br\/novoportal\/wp-json\/wp\/v2\/posts\/12401","targetHints":{"allow":["GET"]}}],"collection":[{"href":"https:\/\/www.sudoestehoje.com.br\/novoportal\/wp-json\/wp\/v2\/posts"}],"about":[{"href":"https:\/\/www.sudoestehoje.com.br\/novoportal\/wp-json\/wp\/v2\/types\/post"}],"author":[{"embeddable":true,"href":"https:\/\/www.sudoestehoje.com.br\/novoportal\/wp-json\/wp\/v2\/users\/2"}],"replies":[{"embeddable":true,"href":"https:\/\/www.sudoestehoje.com.br\/novoportal\/wp-json\/wp\/v2\/comments?post=12401"}],"version-history":[{"count":4,"href":"https:\/\/www.sudoestehoje.com.br\/novoportal\/wp-json\/wp\/v2\/posts\/12401\/revisions"}],"predecessor-version":[{"id":12405,"href":"https:\/\/www.sudoestehoje.com.br\/novoportal\/wp-json\/wp\/v2\/posts\/12401\/revisions\/12405"}],"wp:attachment":[{"href":"https:\/\/www.sudoestehoje.com.br\/novoportal\/wp-json\/wp\/v2\/media?parent=12401"}],"wp:term":[{"taxonomy":"category","embeddable":true,"href":"https:\/\/www.sudoestehoje.com.br\/novoportal\/wp-json\/wp\/v2\/categories?post=12401"},{"taxonomy":"post_tag","embeddable":true,"href":"https:\/\/www.sudoestehoje.com.br\/novoportal\/wp-json\/wp\/v2\/tags?post=12401"}],"curies":[{"name":"wp","href":"https:\/\/api.w.org\/{rel}","templated":true}]}}