
{"id":123982,"date":"2025-11-10T17:39:10","date_gmt":"2025-11-10T20:39:10","guid":{"rendered":"https:\/\/www.sudoestehoje.com.br\/novoportal\/?p=123982"},"modified":"2025-11-10T17:42:26","modified_gmt":"2025-11-10T20:42:26","slug":"saiba-que-e-gerald-saraiva-servidor-que-sobreviveu-apos-ter-carro-arrastado-por-correnteza-em-conquista","status":"publish","type":"post","link":"https:\/\/www.sudoestehoje.com.br\/novoportal\/2025\/11\/10\/saiba-que-e-gerald-saraiva-servidor-que-sobreviveu-apos-ter-carro-arrastado-por-correnteza-em-conquista\/","title":{"rendered":"SAIBA QUEM \u00c9 GERALD SARAIVA, SERVIDOR QUE SOBREVIVEU AP\u00d3S TER CARRO ARRASTADO POR CORRENTEZA EM CONQUISTA"},"content":{"rendered":"<p><img loading=\"lazy\" decoding=\"async\" class=\"alignnone  wp-image-123984\" src=\"https:\/\/www.sudoestehoje.com.br\/novoportal\/wp-content\/uploads\/2025\/11\/images-4.jpeg\" alt=\"\" width=\"565\" height=\"308\" \/><\/p>\n<p><strong>Saraiva da Silva de Sordi pode se considerar algu\u00e9m que nasceu de novo ao sobreviver depois de ser arrastado pela enxurrada durante um temporal que atingiu Vit\u00f3ria da Conquista neste domingo (09\/11), uma noite para ele nunca esquecer.<\/strong><\/p>\n<p><strong>Segundo \u00e0 imprensa local, Gerald \u00e9 servidor p\u00fablico municipal integrante da Secretaria de Sa\u00fade e ocupava um carro que foi engolido por um canal de drenagem enquanto ele tentava sair do ve\u00edculo, sendo resgatado por populares e bombeiros militares na Avenida Bartolomeu de Gusm\u00e3o. Gerald foi levado para uma unidade de sa\u00fade por profissionais do Servi\u00e7o de Atendimento M\u00f3vel de Urg\u00eancia \u2013 SAMU 192 e deve ser submetido a exames.<\/strong><\/p>\n<p><strong>Em nota, a Prefeitura de Conquista que outro ve\u00edculo foi arrastado pela correnteza em outro ponto da cidade, com quatro ocupantes, que foram resgatados na Santa Marta. Ainda segundo a gest\u00e3o municipal, at\u00e9 a noite deste domingo a cidade registrou 58 mil\u00edmetros de chuva.<\/strong><\/p>\n<p><strong>Nota da Prefeitura<\/strong><\/p>\n<p><strong><em>No final da tarde deste domingo (9), Vit\u00f3ria da Conquista foi atingida por forte chuva, acompanhada de ventania, trov\u00f5es e rel\u00e2mpagos. Um ve\u00edculo foi arrastado pela enxurrada e caiu no c\u00f3rrego, na Avenida Juracy Magalh\u00e3es. O motorista Gerald Sara\u00edva, funcion\u00e1rio da Secretaria Municipal de Sa\u00fade, conseguiu sair do c\u00f3rrego e se salvar. Ele foi encontrado na Avenida Bartolomeu de Gusm\u00e3o e socorrido pelo Samu 192 para o Hospital S\u00e3o Vicente, sendo acompanhado pela prefeita Sheila Lemos. Embora tenha engolido bastante \u00e1gua, ele passa bem.<\/em><\/strong><\/p>\n<p><strong><em>Algumas regi\u00f5es da cidade, como a baixada do Jurema, sofreu alagamentos. Outro ve\u00edculo foi arrastado pela enxurrada na Santa Marta. Os ocupantes (4 pessoas) foram resgatados.<\/em><\/strong><\/p>\n<p><strong><em>Todas as equipes da Prefeitura est\u00e3o em campo, juntamente com a prefeita Sheila Lemos, em atendimento aos locais e fam\u00edlias atingidos pela chuva.<\/em><\/strong><\/p>\n<p><strong><em>At\u00e9 o momento, Vit\u00f3ria da Conquista j\u00e1 registrou 58 mm de chuva. O maior \u00edndice foi no Patag\u00f4nia, com 70,87 mm nas \u00faltimas seis horas.<\/em><\/strong><\/p>\n","protected":false},"excerpt":{"rendered":"<p>Saraiva da Silva de Sordi pode se considerar algu\u00e9m que nasceu de novo ao sobreviver depois de ser arrastado pela enxurrada durante um temporal que atingiu Vit\u00f3ria da Conquista neste domingo (09\/11), uma noite para ele nunca esquecer. Segundo \u00e0 imprensa local, Gerald \u00e9 servidor p\u00fablico municipal integrante da Secretaria de Sa\u00fade e ocupava um [&hellip;]<\/p>\n","protected":false},"author":2,"featured_media":123984,"comment_status":"closed","ping_status":"open","sticky":false,"template":"","format":"standard","meta":{"footnotes":"","_links_to":"","_links_to_target":""},"categories":[1],"tags":[],"class_list":["post-123982","post","type-post","status-publish","format-standard","has-post-thumbnail","hentry","category-geral"],"views":1154,"_links":{"self":[{"href":"https:\/\/www.sudoestehoje.com.br\/novoportal\/wp-json\/wp\/v2\/posts\/123982","targetHints":{"allow":["GET"]}}],"collection":[{"href":"https:\/\/www.sudoestehoje.com.br\/novoportal\/wp-json\/wp\/v2\/posts"}],"about":[{"href":"https:\/\/www.sudoestehoje.com.br\/novoportal\/wp-json\/wp\/v2\/types\/post"}],"author":[{"embeddable":true,"href":"https:\/\/www.sudoestehoje.com.br\/novoportal\/wp-json\/wp\/v2\/users\/2"}],"replies":[{"embeddable":true,"href":"https:\/\/www.sudoestehoje.com.br\/novoportal\/wp-json\/wp\/v2\/comments?post=123982"}],"version-history":[{"count":4,"href":"https:\/\/www.sudoestehoje.com.br\/novoportal\/wp-json\/wp\/v2\/posts\/123982\/revisions"}],"predecessor-version":[{"id":123988,"href":"https:\/\/www.sudoestehoje.com.br\/novoportal\/wp-json\/wp\/v2\/posts\/123982\/revisions\/123988"}],"wp:featuredmedia":[{"embeddable":true,"href":"https:\/\/www.sudoestehoje.com.br\/novoportal\/wp-json\/wp\/v2\/media\/123984"}],"wp:attachment":[{"href":"https:\/\/www.sudoestehoje.com.br\/novoportal\/wp-json\/wp\/v2\/media?parent=123982"}],"wp:term":[{"taxonomy":"category","embeddable":true,"href":"https:\/\/www.sudoestehoje.com.br\/novoportal\/wp-json\/wp\/v2\/categories?post=123982"},{"taxonomy":"post_tag","embeddable":true,"href":"https:\/\/www.sudoestehoje.com.br\/novoportal\/wp-json\/wp\/v2\/tags?post=123982"}],"curies":[{"name":"wp","href":"https:\/\/api.w.org\/{rel}","templated":true}]}}