
{"id":123975,"date":"2025-11-10T08:01:17","date_gmt":"2025-11-10T11:01:17","guid":{"rendered":"https:\/\/www.sudoestehoje.com.br\/novoportal\/?p=123975"},"modified":"2025-11-10T08:11:09","modified_gmt":"2025-11-10T11:11:09","slug":"itapetinga-prefeito-eduardo-hagge-fecha-com-tiquinho-para-presidencia-da-camara-de-vereadores-em-eleicao-antecipada","status":"publish","type":"post","link":"https:\/\/www.sudoestehoje.com.br\/novoportal\/2025\/11\/10\/itapetinga-prefeito-eduardo-hagge-fecha-com-tiquinho-para-presidencia-da-camara-de-vereadores-em-eleicao-antecipada\/","title":{"rendered":"ITAPETINGA| PREFEITO EDUARDO HAGGE FECHA COM TIQUINHO PARA PRESID\u00caNCIA DA C\u00c2MARA DE VEREADORES EM ELEI\u00c7\u00c3O ANTECIPADA"},"content":{"rendered":"<p><img loading=\"lazy\" decoding=\"async\" class=\"alignnone size-full wp-image-123976\" src=\"https:\/\/www.sudoestehoje.com.br\/novoportal\/wp-content\/uploads\/2025\/11\/Imagem-do-WhatsApp-de-2025-11-10-as-06.41.47_536ab3f8.jpg\" alt=\"\" width=\"815\" height=\"584\" \/><\/p>\n<p><strong>Em reuni\u00e3o com parte da sua bancada, o prefeito comunicou aos vereadores que j\u00e1 fechou acordo para eleger o vereador Tiquinho Nogueira ((PSD) para a presid\u00eancia da C\u00e2mara de Vereadores, no bi\u00eanio 2026\/2027.<\/strong><\/p>\n<p><strong>O acordo, segundo fonte da C\u00e2mara, teria sido selado depois que Tiquinho protestou pelo uso indevido da sua assinatura como primeiro secret\u00e1rio da Casa Legislatura, pelo ex-presidente Luciano Almeida (MDB), para fins de devolu\u00e7\u00e3o da quantia de R$ 500 mil reais aos cofres da prefeitura.<\/strong><\/p>\n<p><strong>Segundo a fonte ligada ao legislativo, Tiquinho fez forte press\u00e3o e conseguiu o que sempre sonhou: o apoio do prefeito para a presid\u00eancia da C\u00e2mara.<\/strong><\/p>\n<p><strong>ELEI\u00c7\u00c3O ANTECIPADA<\/strong><\/p>\n<p><strong>Bem ao seu estilo, Tiquinho teria exigido o apoio de toda a bancada do prefeito, mas h\u00e1 forte resist\u00eancia pelo fato do vereador ser considerado o &#8216;inimigo n\u00famero 1&#8217; dos Gabirabas, base michelista que elegeu Eduardo Hagge a prefeito.<\/strong><\/p>\n<p><strong>No acordo, teria sido pactuado tamb\u00e9m a antecipa\u00e7\u00e3o da elei\u00e7\u00e3o da mesa da c\u00e2mara para mar\u00e7o ou abril de 2026, apesar do mandato do pr\u00f3ximo presidente s\u00f3 iniciar em 1\u00ba de janeiro de 2027.<\/strong><\/p>\n<p><strong>O arranjo pol\u00edtico entre Eduardo e Tiquinho tem tudo para n\u00e3o dar certo, al\u00e9m de ser extremamente desgastante para o prefeito, que pode entrar em atrito com a sua base, em pleno ano eleitoral.<\/strong><\/p>\n<p><strong>Melhor deixar &#8216;queto&#8217;&#8230;<\/strong><\/p>\n<p><strong>Por Davi Ferraz<\/strong><\/p>\n","protected":false},"excerpt":{"rendered":"<p>Em reuni\u00e3o com parte da sua bancada, o prefeito comunicou aos vereadores que j\u00e1 fechou acordo para eleger o vereador Tiquinho Nogueira ((PSD) para a presid\u00eancia da C\u00e2mara de Vereadores, no bi\u00eanio 2026\/2027. O acordo, segundo fonte da C\u00e2mara, teria sido selado depois que Tiquinho protestou pelo uso indevido da sua assinatura como primeiro secret\u00e1rio [&hellip;]<\/p>\n","protected":false},"author":2,"featured_media":123976,"comment_status":"closed","ping_status":"open","sticky":false,"template":"","format":"standard","meta":{"footnotes":"","_links_to":"","_links_to_target":""},"categories":[1],"tags":[],"class_list":["post-123975","post","type-post","status-publish","format-standard","has-post-thumbnail","hentry","category-geral"],"views":896,"_links":{"self":[{"href":"https:\/\/www.sudoestehoje.com.br\/novoportal\/wp-json\/wp\/v2\/posts\/123975","targetHints":{"allow":["GET"]}}],"collection":[{"href":"https:\/\/www.sudoestehoje.com.br\/novoportal\/wp-json\/wp\/v2\/posts"}],"about":[{"href":"https:\/\/www.sudoestehoje.com.br\/novoportal\/wp-json\/wp\/v2\/types\/post"}],"author":[{"embeddable":true,"href":"https:\/\/www.sudoestehoje.com.br\/novoportal\/wp-json\/wp\/v2\/users\/2"}],"replies":[{"embeddable":true,"href":"https:\/\/www.sudoestehoje.com.br\/novoportal\/wp-json\/wp\/v2\/comments?post=123975"}],"version-history":[{"count":4,"href":"https:\/\/www.sudoestehoje.com.br\/novoportal\/wp-json\/wp\/v2\/posts\/123975\/revisions"}],"predecessor-version":[{"id":123980,"href":"https:\/\/www.sudoestehoje.com.br\/novoportal\/wp-json\/wp\/v2\/posts\/123975\/revisions\/123980"}],"wp:featuredmedia":[{"embeddable":true,"href":"https:\/\/www.sudoestehoje.com.br\/novoportal\/wp-json\/wp\/v2\/media\/123976"}],"wp:attachment":[{"href":"https:\/\/www.sudoestehoje.com.br\/novoportal\/wp-json\/wp\/v2\/media?parent=123975"}],"wp:term":[{"taxonomy":"category","embeddable":true,"href":"https:\/\/www.sudoestehoje.com.br\/novoportal\/wp-json\/wp\/v2\/categories?post=123975"},{"taxonomy":"post_tag","embeddable":true,"href":"https:\/\/www.sudoestehoje.com.br\/novoportal\/wp-json\/wp\/v2\/tags?post=123975"}],"curies":[{"name":"wp","href":"https:\/\/api.w.org\/{rel}","templated":true}]}}