
{"id":123965,"date":"2025-11-09T10:49:25","date_gmt":"2025-11-09T13:49:25","guid":{"rendered":"https:\/\/www.sudoestehoje.com.br\/novoportal\/?p=123965"},"modified":"2025-11-09T10:49:25","modified_gmt":"2025-11-09T13:49:25","slug":"regiao-motorista-passa-mal-e-morre-por-infarto-em-vitoria-da-conquista","status":"publish","type":"post","link":"https:\/\/www.sudoestehoje.com.br\/novoportal\/2025\/11\/09\/regiao-motorista-passa-mal-e-morre-por-infarto-em-vitoria-da-conquista\/","title":{"rendered":"REGI\u00c3O | MOTORISTA PASSA MAL E MORRE POR INFARTO EM VIT\u00d3RIA DA CONQUISTA"},"content":{"rendered":"<p><img loading=\"lazy\" decoding=\"async\" class=\"alignnone size-full wp-image-123966\" src=\"https:\/\/www.sudoestehoje.com.br\/novoportal\/wp-content\/uploads\/2025\/11\/DSC_0875.jpg\" alt=\"\" width=\"600\" height=\"400\" \/><\/p>\n<p><strong>Um acidente na tarde deste s\u00e1bado (8) resultou na morte de um homem em Vit\u00f3ria da Conquista. A v\u00edtima teria sido v\u00edtima de um mal s\u00fabito enquanto conduzia, o que fez com que perdesse o controle da dire\u00e7\u00e3o e o caminh\u00e3o atingisse um poste. Equipes do Servi\u00e7o de Atendimento M\u00f3vel de Urg\u00eancia (SAMU) constataram o \u00f3bito no local. <\/strong><\/p>\n<p><strong>Conforme registro do BLOG DO ANDERSON, a rede de fia\u00e7\u00e3o acabou indo ao ch\u00e3o. <\/strong><\/p>\n<p><strong>O corpo seguiu ao Hospital Geral de Vit\u00f3ria da Conquista (HGVC) e, posteriormente, ser\u00e1 liberado para os servi\u00e7os funer\u00e1rios. O Sistema Municipal de Tr\u00e2nsito registrou a ocorr\u00eancia.<\/strong><\/p>\n","protected":false},"excerpt":{"rendered":"<p>Um acidente na tarde deste s\u00e1bado (8) resultou na morte de um homem em Vit\u00f3ria da Conquista. A v\u00edtima teria sido v\u00edtima de um mal s\u00fabito enquanto conduzia, o que fez com que perdesse o controle da dire\u00e7\u00e3o e o caminh\u00e3o atingisse um poste. Equipes do Servi\u00e7o de Atendimento M\u00f3vel de Urg\u00eancia (SAMU) constataram o [&hellip;]<\/p>\n","protected":false},"author":2,"featured_media":123966,"comment_status":"closed","ping_status":"open","sticky":false,"template":"","format":"standard","meta":{"footnotes":"","_links_to":"","_links_to_target":""},"categories":[1],"tags":[],"class_list":["post-123965","post","type-post","status-publish","format-standard","has-post-thumbnail","hentry","category-geral"],"views":517,"_links":{"self":[{"href":"https:\/\/www.sudoestehoje.com.br\/novoportal\/wp-json\/wp\/v2\/posts\/123965","targetHints":{"allow":["GET"]}}],"collection":[{"href":"https:\/\/www.sudoestehoje.com.br\/novoportal\/wp-json\/wp\/v2\/posts"}],"about":[{"href":"https:\/\/www.sudoestehoje.com.br\/novoportal\/wp-json\/wp\/v2\/types\/post"}],"author":[{"embeddable":true,"href":"https:\/\/www.sudoestehoje.com.br\/novoportal\/wp-json\/wp\/v2\/users\/2"}],"replies":[{"embeddable":true,"href":"https:\/\/www.sudoestehoje.com.br\/novoportal\/wp-json\/wp\/v2\/comments?post=123965"}],"version-history":[{"count":2,"href":"https:\/\/www.sudoestehoje.com.br\/novoportal\/wp-json\/wp\/v2\/posts\/123965\/revisions"}],"predecessor-version":[{"id":123968,"href":"https:\/\/www.sudoestehoje.com.br\/novoportal\/wp-json\/wp\/v2\/posts\/123965\/revisions\/123968"}],"wp:featuredmedia":[{"embeddable":true,"href":"https:\/\/www.sudoestehoje.com.br\/novoportal\/wp-json\/wp\/v2\/media\/123966"}],"wp:attachment":[{"href":"https:\/\/www.sudoestehoje.com.br\/novoportal\/wp-json\/wp\/v2\/media?parent=123965"}],"wp:term":[{"taxonomy":"category","embeddable":true,"href":"https:\/\/www.sudoestehoje.com.br\/novoportal\/wp-json\/wp\/v2\/categories?post=123965"},{"taxonomy":"post_tag","embeddable":true,"href":"https:\/\/www.sudoestehoje.com.br\/novoportal\/wp-json\/wp\/v2\/tags?post=123965"}],"curies":[{"name":"wp","href":"https:\/\/api.w.org\/{rel}","templated":true}]}}