
{"id":12396,"date":"2012-01-27T20:10:32","date_gmt":"2012-01-27T23:10:32","guid":{"rendered":"http:\/\/www.sudoestehoje.com.br\/novoportal\/?p=12396"},"modified":"2012-01-27T20:11:11","modified_gmt":"2012-01-27T23:11:11","slug":"lider-do-pr-na-assembleia-diz-que-partido-continua-na-oposicao","status":"publish","type":"post","link":"https:\/\/www.sudoestehoje.com.br\/novoportal\/2012\/01\/27\/lider-do-pr-na-assembleia-diz-que-partido-continua-na-oposicao\/","title":{"rendered":"L\u00cdDER DO PR NA ASSEMBL\u00c9IA DIZ QUE PARTIDO CONTINUA NA OPOSI\u00c7\u00c3O"},"content":{"rendered":"<p style=\"text-align: center;\"><img decoding=\"async\" class=\"aligncenter\" src=\"http:\/\/www.bahianoticias.com.br\/fotos\/principal_noticias\/110140\/IMAGEM_NOTICIA_5.jpg\" alt=\"L\u00edder da bancada do PR na Assembleia rebate declara\u00e7\u00f5es de Maur\u00edcio Trindade\" width=\"400\" \/><\/p>\n<p style=\"text-align: center;\"><strong><em>Sandro R\u00e9gis rebateu declara\u00e7\u00f5es de Maur\u00edcio Trindade<\/em><\/strong><\/p>\n<p>&nbsp;<\/p>\n<p>Ap\u00f3s as \u00faltimas declara\u00e7\u00f5es do deputado federal Maur\u00edcio Trindade (PR), sobre poss\u00edvel alian\u00e7a entre o seu partido e o governo, o l\u00edder republicano na Assembl\u00e9ia Legislativa da Bahia (AL), deputado Sandro R\u00e9gis, entrou em contato com a reda\u00e7\u00e3o do Bahia Noticias para afirmar que a bancada estadual, formada por Elmar Nascimento, Reinaldo Braga (l\u00edder da oposi\u00e7\u00e3o, inclusive) e Gra\u00e7a Pimenta, est\u00e1 100% fechada com\u00a0<a href=\"http:\/\/www.bahianoticias.com.br\/principal\/noticia\/110131-cesar-borges-repreende-trindade-039-ele-nao-tem-autoridade-para-falar-pelo-partido-039.html\" target=\"_blank\">o senador C\u00e9sar Borges (PR)<\/a>. Ainda de acordo R\u00e9gis, ao afirmar que o PR est\u00e1 indo para a base do governo, Trindade (que \u00e9 pr\u00e9-candidato a prefeito de Salvador), \u201cvende gato por lebre\u201d. \u201cComo sabemos, o apoio \u00e9 consagrado na Assembleia e l\u00e1 n\u00e3o existe risco em nenhuma situa\u00e7\u00e3o do partido deixar a base de oposi\u00e7\u00e3o. Essas negocia\u00e7\u00f5es devem ser fisiol\u00f3gicas [sic], n\u00e3o representam o pensamento da bancada estadual, muito menos do senador Cesar Borges (PR)\u201d, concluiu.<\/p>\n","protected":false},"excerpt":{"rendered":"<p>Sandro R\u00e9gis rebateu declara\u00e7\u00f5es de Maur\u00edcio Trindade &nbsp; Ap\u00f3s as \u00faltimas declara\u00e7\u00f5es do deputado federal Maur\u00edcio Trindade (PR), sobre poss\u00edvel alian\u00e7a entre o seu partido e o governo, o l\u00edder republicano na Assembl\u00e9ia Legislativa da Bahia (AL), deputado Sandro R\u00e9gis, entrou em contato com a reda\u00e7\u00e3o do Bahia Noticias para afirmar que a bancada estadual, [&hellip;]<\/p>\n","protected":false},"author":2,"featured_media":0,"comment_status":"open","ping_status":"open","sticky":false,"template":"","format":"standard","meta":{"footnotes":"","_links_to":"","_links_to_target":""},"categories":[1],"tags":[],"class_list":["post-12396","post","type-post","status-publish","format-standard","hentry","category-geral"],"views":1154,"_links":{"self":[{"href":"https:\/\/www.sudoestehoje.com.br\/novoportal\/wp-json\/wp\/v2\/posts\/12396","targetHints":{"allow":["GET"]}}],"collection":[{"href":"https:\/\/www.sudoestehoje.com.br\/novoportal\/wp-json\/wp\/v2\/posts"}],"about":[{"href":"https:\/\/www.sudoestehoje.com.br\/novoportal\/wp-json\/wp\/v2\/types\/post"}],"author":[{"embeddable":true,"href":"https:\/\/www.sudoestehoje.com.br\/novoportal\/wp-json\/wp\/v2\/users\/2"}],"replies":[{"embeddable":true,"href":"https:\/\/www.sudoestehoje.com.br\/novoportal\/wp-json\/wp\/v2\/comments?post=12396"}],"version-history":[{"count":4,"href":"https:\/\/www.sudoestehoje.com.br\/novoportal\/wp-json\/wp\/v2\/posts\/12396\/revisions"}],"predecessor-version":[{"id":12400,"href":"https:\/\/www.sudoestehoje.com.br\/novoportal\/wp-json\/wp\/v2\/posts\/12396\/revisions\/12400"}],"wp:attachment":[{"href":"https:\/\/www.sudoestehoje.com.br\/novoportal\/wp-json\/wp\/v2\/media?parent=12396"}],"wp:term":[{"taxonomy":"category","embeddable":true,"href":"https:\/\/www.sudoestehoje.com.br\/novoportal\/wp-json\/wp\/v2\/categories?post=12396"},{"taxonomy":"post_tag","embeddable":true,"href":"https:\/\/www.sudoestehoje.com.br\/novoportal\/wp-json\/wp\/v2\/tags?post=12396"}],"curies":[{"name":"wp","href":"https:\/\/api.w.org\/{rel}","templated":true}]}}