
{"id":123955,"date":"2025-11-08T17:33:18","date_gmt":"2025-11-08T20:33:18","guid":{"rendered":"https:\/\/www.sudoestehoje.com.br\/novoportal\/?p=123955"},"modified":"2025-11-08T17:45:09","modified_gmt":"2025-11-08T20:45:09","slug":"itapetinga-hospital-cristo-redentor-avanca-na-saude-com-inauguracao-do-nucleo-de-oncologia","status":"publish","type":"post","link":"https:\/\/www.sudoestehoje.com.br\/novoportal\/2025\/11\/08\/itapetinga-hospital-cristo-redentor-avanca-na-saude-com-inauguracao-do-nucleo-de-oncologia\/","title":{"rendered":"ITAPETINGA | HOSPITAL CRISTO REDENTOR AVAN\u00c7A NA SA\u00daDE COM INAUGURA\u00c7\u00c3O DO N\u00daCLEO DE ONCOLOGIA"},"content":{"rendered":"<p><img loading=\"lazy\" decoding=\"async\" class=\"alignnone size-full wp-image-123963\" src=\"https:\/\/www.sudoestehoje.com.br\/novoportal\/wp-content\/uploads\/2025\/11\/Imagem-do-WhatsApp-de-2025-11-08-as-17.43.12_717ebb5e.jpg\" alt=\"\" width=\"1600\" height=\"901\" \/><\/p>\n<p><strong>Em uma manh\u00e3 marcada por emo\u00e7\u00e3o e compromisso com a sa\u00fade, o Hospital Cristo Redentor, unidade da Funda\u00e7\u00e3o Jos\u00e9 Silveira (FJS), inaugurou o N\u00facleo de Oncologia. A solenidade reuniu autoridades, colaboradores e membros da comunidade.<\/strong><\/p>\n<p><strong>Na ocasi\u00e3o, o Dr. Eduardo Kowalski Neto, oncologista respons\u00e1vel pelo N\u00facleo, destacou a import\u00e2ncia do servi\u00e7o: &#8220;O espa\u00e7o conta com 10 leitos e uma sala vermelha, estruturados para oferecer diagn\u00f3stico, tratamento e encaminhamento cir\u00fargico do c\u00e2ncer de mama, ampliando o acesso da popula\u00e7\u00e3o a um atendimento especializado, humanizado e de qualidade.\u201d<\/strong><\/p>\n<p><img loading=\"lazy\" decoding=\"async\" class=\"alignnone size-full wp-image-123959\" src=\"https:\/\/www.sudoestehoje.com.br\/novoportal\/wp-content\/uploads\/2025\/11\/Imagem-do-WhatsApp-de-2025-11-08-as-11.50.17_d88cb060.jpg\" alt=\"\" width=\"4032\" height=\"2268\" \/><\/p>\n<p><strong>Complementando a fala do oncologista, Carlos Dumet, superintendente institucional e financeiro da FJS, ressaltou o compromisso da Institui\u00e7\u00e3o com a promo\u00e7\u00e3o da sa\u00fade ao implantar assist\u00eancia oncol\u00f3gica em Itapetinga e regi\u00e3o. Ele tamb\u00e9m anunciou novas etapas do projeto. \u201cCom o N\u00facleo de Oncologia, damos mais um passo importante no cuidado com a popula\u00e7\u00e3o. Em breve, tamb\u00e9m passaremos a realizar cirurgias oncol\u00f3gicas, consolidando o Hospital Cristo Redentor como refer\u00eancia regional no enfrentamento ao c\u00e2ncer\u201d.<\/strong><\/p>\n<p><strong>Mutir\u00e3o de mamografia<\/strong><\/p>\n<p><strong>Como parte da programa\u00e7\u00e3o, foi promovido um mutir\u00e3o de mamografia, reafirmando o compromisso da Funda\u00e7\u00e3o Jos\u00e9 Silveira com a preven\u00e7\u00e3o e o diagn\u00f3stico precoce do c\u00e2ncer de mama. A iniciativa beneficiou a popula\u00e7\u00e3o com cerca de 100 exames realizados.<\/strong><\/p>\n<p><strong>Ascom FJS<\/strong><\/p>\n","protected":false},"excerpt":{"rendered":"<p>Em uma manh\u00e3 marcada por emo\u00e7\u00e3o e compromisso com a sa\u00fade, o Hospital Cristo Redentor, unidade da Funda\u00e7\u00e3o Jos\u00e9 Silveira (FJS), inaugurou o N\u00facleo de Oncologia. A solenidade reuniu autoridades, colaboradores e membros da comunidade. Na ocasi\u00e3o, o Dr. Eduardo Kowalski Neto, oncologista respons\u00e1vel pelo N\u00facleo, destacou a import\u00e2ncia do servi\u00e7o: &#8220;O espa\u00e7o conta com [&hellip;]<\/p>\n","protected":false},"author":2,"featured_media":123963,"comment_status":"closed","ping_status":"open","sticky":false,"template":"","format":"standard","meta":{"footnotes":"","_links_to":"","_links_to_target":""},"categories":[1],"tags":[],"class_list":["post-123955","post","type-post","status-publish","format-standard","has-post-thumbnail","hentry","category-geral"],"views":841,"_links":{"self":[{"href":"https:\/\/www.sudoestehoje.com.br\/novoportal\/wp-json\/wp\/v2\/posts\/123955","targetHints":{"allow":["GET"]}}],"collection":[{"href":"https:\/\/www.sudoestehoje.com.br\/novoportal\/wp-json\/wp\/v2\/posts"}],"about":[{"href":"https:\/\/www.sudoestehoje.com.br\/novoportal\/wp-json\/wp\/v2\/types\/post"}],"author":[{"embeddable":true,"href":"https:\/\/www.sudoestehoje.com.br\/novoportal\/wp-json\/wp\/v2\/users\/2"}],"replies":[{"embeddable":true,"href":"https:\/\/www.sudoestehoje.com.br\/novoportal\/wp-json\/wp\/v2\/comments?post=123955"}],"version-history":[{"count":3,"href":"https:\/\/www.sudoestehoje.com.br\/novoportal\/wp-json\/wp\/v2\/posts\/123955\/revisions"}],"predecessor-version":[{"id":123964,"href":"https:\/\/www.sudoestehoje.com.br\/novoportal\/wp-json\/wp\/v2\/posts\/123955\/revisions\/123964"}],"wp:featuredmedia":[{"embeddable":true,"href":"https:\/\/www.sudoestehoje.com.br\/novoportal\/wp-json\/wp\/v2\/media\/123963"}],"wp:attachment":[{"href":"https:\/\/www.sudoestehoje.com.br\/novoportal\/wp-json\/wp\/v2\/media?parent=123955"}],"wp:term":[{"taxonomy":"category","embeddable":true,"href":"https:\/\/www.sudoestehoje.com.br\/novoportal\/wp-json\/wp\/v2\/categories?post=123955"},{"taxonomy":"post_tag","embeddable":true,"href":"https:\/\/www.sudoestehoje.com.br\/novoportal\/wp-json\/wp\/v2\/tags?post=123955"}],"curies":[{"name":"wp","href":"https:\/\/api.w.org\/{rel}","templated":true}]}}