
{"id":123943,"date":"2025-11-05T18:50:18","date_gmt":"2025-11-05T21:50:18","guid":{"rendered":"https:\/\/www.sudoestehoje.com.br\/novoportal\/?p=123943"},"modified":"2025-11-05T18:50:18","modified_gmt":"2025-11-05T21:50:18","slug":"deputado-pedro-tavares-cobra-retomada-das-obras-do-porto-sul-e-da-fiol","status":"publish","type":"post","link":"https:\/\/www.sudoestehoje.com.br\/novoportal\/2025\/11\/05\/deputado-pedro-tavares-cobra-retomada-das-obras-do-porto-sul-e-da-fiol\/","title":{"rendered":"DEPUTADO PEDRO TAVARES COBRA RETOMADA DAS OBRAS DO PORTO SUL E DA FIOL"},"content":{"rendered":"<p><img loading=\"lazy\" decoding=\"async\" class=\"alignnone size-full wp-image-123944\" src=\"https:\/\/www.sudoestehoje.com.br\/novoportal\/wp-content\/uploads\/2025\/11\/67698-901467-2025-10-17-15-15-46.jpg\" alt=\"\" width=\"950\" height=\"534\" \/><\/p>\n<p><strong>O deputado estadual Pedro Tavares (Uni\u00e3o) cobrou uma posi\u00e7\u00e3o dos governos estadual e federal em rela\u00e7\u00e3o \u00e0s obras do Porto Sul e da Ferrovia Oeste-Leste (Fiol), na Bahia. O parlamentar destacou, principalmente, a import\u00e2ncia do Porto Sul para o sul do estado, aguardado h\u00e1 anos pela popula\u00e7\u00e3o devido ao seu potencial de transformar a economia da regi\u00e3o. Tavares lamentou a paralisa\u00e7\u00e3o do projeto, iniciado h\u00e1 cerca de 15 anos.<\/strong><\/p>\n<p><strong>\u201cSubo mais uma vez a esta tribuna para cobrar do Governo do estado e do Governo federal uma solu\u00e7\u00e3o, ou melhor, uma explica\u00e7\u00e3o para a popula\u00e7\u00e3o do sul da Bahia, em rela\u00e7\u00e3o \u00e0 paralisa\u00e7\u00e3o das obras do Porto Sul e da Ferrovia Oeste-Leste (Fiol). O Porto Sul \u00e9 um sonho antigo dos moradores daquela regi\u00e3o, que carece de investimentos para aumentar a gera\u00e7\u00e3o de emprego e renda e movimentar a economia local. Lamentavelmente, at\u00e9 hoje n\u00e3o tivemos uma satisfa\u00e7\u00e3o dos governos estadual e federal e as obras continuam paradas\u201d, ressaltou.<\/strong><\/p>\n<p><strong>O deputado lembrou que, h\u00e1 alguns meses, representantes da BAMIN, empresa respons\u00e1vel pelo Porto Sul e pela Fiol, participaram de uma audi\u00eancia na Assembleia Legislativa da Bahia (ALBA), onde relataram a necessidade de novos aportes financeiros para a continuidade das obras. \u201cDesde ent\u00e3o, n\u00e3o houve nenhuma resposta. \u00c9 um sil\u00eancio ensurdecedor\u201d, frisou.<\/strong><\/p>\n<p><strong>O deputado enfatizou a indigna\u00e7\u00e3o da popula\u00e7\u00e3o com a demora das obras. \u201cNingu\u00e9m aguenta mais esperar por uma obra que j\u00e1 ultrapassa 15 anos desde o seu in\u00edcio. Repito, mais uma vez, a cobran\u00e7a aos Governos. Quando o Porto Sul e a Fiol v\u00e3o se transformar em realidade?\u201d, questionou.<\/strong><\/p>\n","protected":false},"excerpt":{"rendered":"<p>O deputado estadual Pedro Tavares (Uni\u00e3o) cobrou uma posi\u00e7\u00e3o dos governos estadual e federal em rela\u00e7\u00e3o \u00e0s obras do Porto Sul e da Ferrovia Oeste-Leste (Fiol), na Bahia. O parlamentar destacou, principalmente, a import\u00e2ncia do Porto Sul para o sul do estado, aguardado h\u00e1 anos pela popula\u00e7\u00e3o devido ao seu potencial de transformar a economia [&hellip;]<\/p>\n","protected":false},"author":2,"featured_media":123944,"comment_status":"closed","ping_status":"open","sticky":false,"template":"","format":"standard","meta":{"footnotes":"","_links_to":"","_links_to_target":""},"categories":[1],"tags":[],"class_list":["post-123943","post","type-post","status-publish","format-standard","has-post-thumbnail","hentry","category-geral"],"views":441,"_links":{"self":[{"href":"https:\/\/www.sudoestehoje.com.br\/novoportal\/wp-json\/wp\/v2\/posts\/123943","targetHints":{"allow":["GET"]}}],"collection":[{"href":"https:\/\/www.sudoestehoje.com.br\/novoportal\/wp-json\/wp\/v2\/posts"}],"about":[{"href":"https:\/\/www.sudoestehoje.com.br\/novoportal\/wp-json\/wp\/v2\/types\/post"}],"author":[{"embeddable":true,"href":"https:\/\/www.sudoestehoje.com.br\/novoportal\/wp-json\/wp\/v2\/users\/2"}],"replies":[{"embeddable":true,"href":"https:\/\/www.sudoestehoje.com.br\/novoportal\/wp-json\/wp\/v2\/comments?post=123943"}],"version-history":[{"count":1,"href":"https:\/\/www.sudoestehoje.com.br\/novoportal\/wp-json\/wp\/v2\/posts\/123943\/revisions"}],"predecessor-version":[{"id":123945,"href":"https:\/\/www.sudoestehoje.com.br\/novoportal\/wp-json\/wp\/v2\/posts\/123943\/revisions\/123945"}],"wp:featuredmedia":[{"embeddable":true,"href":"https:\/\/www.sudoestehoje.com.br\/novoportal\/wp-json\/wp\/v2\/media\/123944"}],"wp:attachment":[{"href":"https:\/\/www.sudoestehoje.com.br\/novoportal\/wp-json\/wp\/v2\/media?parent=123943"}],"wp:term":[{"taxonomy":"category","embeddable":true,"href":"https:\/\/www.sudoestehoje.com.br\/novoportal\/wp-json\/wp\/v2\/categories?post=123943"},{"taxonomy":"post_tag","embeddable":true,"href":"https:\/\/www.sudoestehoje.com.br\/novoportal\/wp-json\/wp\/v2\/tags?post=123943"}],"curies":[{"name":"wp","href":"https:\/\/api.w.org\/{rel}","templated":true}]}}