
{"id":123939,"date":"2025-11-03T11:01:17","date_gmt":"2025-11-03T14:01:17","guid":{"rendered":"https:\/\/www.sudoestehoje.com.br\/novoportal\/?p=123939"},"modified":"2025-11-03T11:01:17","modified_gmt":"2025-11-03T14:01:17","slug":"bahia-vira-sobre-o-red-bull-brangantino-no-retorno-de-everton-ribeiro","status":"publish","type":"post","link":"https:\/\/www.sudoestehoje.com.br\/novoportal\/2025\/11\/03\/bahia-vira-sobre-o-red-bull-brangantino-no-retorno-de-everton-ribeiro\/","title":{"rendered":"BAHIA VIRA SOBRE O RED BULL BRANGANTINO NO RETORNO DE EVERTON RIBEIRO"},"content":{"rendered":"<p><img loading=\"lazy\" decoding=\"async\" class=\"alignnone size-full wp-image-123940\" src=\"https:\/\/www.sudoestehoje.com.br\/novoportal\/wp-content\/uploads\/2025\/11\/IMG-20251103-WA0003.jpg\" alt=\"\" width=\"1220\" height=\"806\" \/><\/p>\n<p><strong>O Bahia conquistou um importante triunfo de virada sobre o Red Bull Bragantino neste domingo (2), na Arena Fonte Nova, em duelo v\u00e1lido pela 31\u00aa rodada do Campeonato Brasileiro. A partida tamb\u00e9m marcou o retorno de Everton Ribeiro ao time tricolor.<\/strong><\/p>\n<p><strong>O Bragantino abriu o placar aos 20 minutos do primeiro tempo, com gol de Matheus Fernandes. Na etapa final, Willian Jos\u00e9 igualou o marcador aos 30 minutos e garantiu a virada para o Bahia aos 45, decretando o triunfo por 2 a 1.<\/strong><\/p>\n<p><strong>Com o resultado, o Bahia chegou a 52 pontos, mantendo a 5\u00aa posi\u00e7\u00e3o, que corresponde \u00e0 \u00faltima vaga direta para a Copa Libertadores. J\u00e1 o Red Bull Bragantino permanece em 13\u00ba lugar, com 36 pontos, seis \u00e0 frente do Vit\u00f3ria, que abre a zona de rebaixamento, e ocupando a \u00faltima vaga para a Copa Sul-Americana.<\/strong><\/p>\n<p><strong>Na pr\u00f3xima rodada, o Bahia visita o Atl\u00e9tico-MG, na quarta-feira (5), enquanto o Bragantino recebe o Corinthians no mesmo dia.<\/strong><\/p>\n","protected":false},"excerpt":{"rendered":"<p>O Bahia conquistou um importante triunfo de virada sobre o Red Bull Bragantino neste domingo (2), na Arena Fonte Nova, em duelo v\u00e1lido pela 31\u00aa rodada do Campeonato Brasileiro. A partida tamb\u00e9m marcou o retorno de Everton Ribeiro ao time tricolor. O Bragantino abriu o placar aos 20 minutos do primeiro tempo, com gol de [&hellip;]<\/p>\n","protected":false},"author":2,"featured_media":123940,"comment_status":"closed","ping_status":"open","sticky":false,"template":"","format":"standard","meta":{"footnotes":"","_links_to":"","_links_to_target":""},"categories":[1],"tags":[],"class_list":["post-123939","post","type-post","status-publish","format-standard","has-post-thumbnail","hentry","category-geral"],"views":390,"_links":{"self":[{"href":"https:\/\/www.sudoestehoje.com.br\/novoportal\/wp-json\/wp\/v2\/posts\/123939","targetHints":{"allow":["GET"]}}],"collection":[{"href":"https:\/\/www.sudoestehoje.com.br\/novoportal\/wp-json\/wp\/v2\/posts"}],"about":[{"href":"https:\/\/www.sudoestehoje.com.br\/novoportal\/wp-json\/wp\/v2\/types\/post"}],"author":[{"embeddable":true,"href":"https:\/\/www.sudoestehoje.com.br\/novoportal\/wp-json\/wp\/v2\/users\/2"}],"replies":[{"embeddable":true,"href":"https:\/\/www.sudoestehoje.com.br\/novoportal\/wp-json\/wp\/v2\/comments?post=123939"}],"version-history":[{"count":1,"href":"https:\/\/www.sudoestehoje.com.br\/novoportal\/wp-json\/wp\/v2\/posts\/123939\/revisions"}],"predecessor-version":[{"id":123941,"href":"https:\/\/www.sudoestehoje.com.br\/novoportal\/wp-json\/wp\/v2\/posts\/123939\/revisions\/123941"}],"wp:featuredmedia":[{"embeddable":true,"href":"https:\/\/www.sudoestehoje.com.br\/novoportal\/wp-json\/wp\/v2\/media\/123940"}],"wp:attachment":[{"href":"https:\/\/www.sudoestehoje.com.br\/novoportal\/wp-json\/wp\/v2\/media?parent=123939"}],"wp:term":[{"taxonomy":"category","embeddable":true,"href":"https:\/\/www.sudoestehoje.com.br\/novoportal\/wp-json\/wp\/v2\/categories?post=123939"},{"taxonomy":"post_tag","embeddable":true,"href":"https:\/\/www.sudoestehoje.com.br\/novoportal\/wp-json\/wp\/v2\/tags?post=123939"}],"curies":[{"name":"wp","href":"https:\/\/api.w.org\/{rel}","templated":true}]}}