
{"id":123934,"date":"2025-11-03T09:45:46","date_gmt":"2025-11-03T12:45:46","guid":{"rendered":"https:\/\/www.sudoestehoje.com.br\/novoportal\/?p=123934"},"modified":"2025-11-03T09:45:46","modified_gmt":"2025-11-03T12:45:46","slug":"acidente-entre-onibus-e-caminhonete-deixa-empresario-morto-e-feridos-na-rodovia-ilheus-itabuna","status":"publish","type":"post","link":"https:\/\/www.sudoestehoje.com.br\/novoportal\/2025\/11\/03\/acidente-entre-onibus-e-caminhonete-deixa-empresario-morto-e-feridos-na-rodovia-ilheus-itabuna\/","title":{"rendered":"ACIDENTE ENTRE \u00d4NIBUS E CAMINHONETE DEIXA EMPRES\u00c1RIO MORTO E FERIDOS NA RODOVIA ILH\u00c9US &#8211; ITABUNA"},"content":{"rendered":"<p><img loading=\"lazy\" decoding=\"async\" class=\"alignnone size-full wp-image-123936\" src=\"https:\/\/www.sudoestehoje.com.br\/novoportal\/wp-content\/uploads\/2025\/11\/IMAGEM10.jpg\" alt=\"\" width=\"1200\" height=\"630\" \/><\/p>\n<p><strong>Um acidente, entre um \u00f4nibus e uma pick-up cabine dupla, deixou uma pessoa morta e tr\u00eas feridas na manh\u00e3 deste domingo (2) em um trecho da BR-415 entre\u00a0<a href=\"https:\/\/www.bahianoticias.com.br\/tags\/ilheus\" target=\"_blank\" rel=\"noopener\" data-mrf-link=\"https:\/\/www.bahianoticias.com.br\/tags\/ilheus\">Ilh\u00e9us<\/a>\u00a0e\u00a0<a href=\"https:\/\/www.bahianoticias.com.br\/tags\/itabuna\" target=\"_blank\" rel=\"noopener\" data-mrf-link=\"https:\/\/www.bahianoticias.com.br\/tags\/itabuna\">Itabuna<\/a>, no Sul. Segundo a TV Santa Cruz, a v\u00edtima morta foi identificada como Erick Vin\u00edcius Caldas Ramos dos Santos, de 34 anos. Ele era empres\u00e1rio, dono de um lava jato em Itabuna, onde morava.<\/strong><\/p>\n<p><strong>Testemunhas relataram que o motorista da pick-up teria perdido o controle em uma curva, o que provocou a colis\u00e3o com o \u00f4nibus que vinha em sentido contr\u00e1rio. Com o impacto, o ve\u00edculo menor rodou na pista e o motorista foi arremessado para fora. A frente da pick-up ficou destru\u00edda, enquanto o \u00f4nibus teve a parte frontal e lateral danificadas.<\/strong><\/p>\n<p><strong>Uma mulher que estava no carro foi resgatada com vida e socorrida por equipes de sa\u00fade que passavam pelo local ap\u00f3s deixarem o plant\u00e3o no Hospital Costa do Cacau. Equipes do Samu e do Corpo de Bombeiros retiraram a passageira das ferragens e a encaminharam para uma unidade hospitalar. O estado de sa\u00fade dela n\u00e3o foi informado.<\/strong><\/p>\n<p><img loading=\"lazy\" decoding=\"async\" class=\"alignnone size-full wp-image-123937\" src=\"https:\/\/www.sudoestehoje.com.br\/novoportal\/wp-content\/uploads\/2025\/11\/empresario-vitima.jpg\" alt=\"\" width=\"857\" height=\"535\" \/><\/p>\n<p><strong>J\u00e1 o motorista do \u00f4nibus conseguiu manobrar e parar o ve\u00edculo entre um poste e uma \u00e1rvore, o que evitou um acidente de maiores propor\u00e7\u00f5es. O coletivo, que seguia de Itabuna para Valen\u00e7a, transportava tr\u00eas passageiros [dois adultos e uma crian\u00e7a] que n\u00e3o se feriram.<\/strong><\/p>\n<p><strong>Uma motocicleta que seguia atr\u00e1s do \u00f4nibus freou de forma brusca para evitar a colis\u00e3o, derrapou e caiu. Os dois ocupantes sofreram ferimentos leves e foram encaminhados para atendimento m\u00e9dico.<\/strong><\/p>\n<p><strong>Ainda segundo informa\u00e7\u00f5es, o corpo de Erick Vin\u00edcius foi encaminhado para necropsia pelo Departamento de Pol\u00edcia T\u00e9cnica (DPT) de Ilh\u00e9us, que realizou a per\u00edcia no local. N\u00e3o h\u00e1 informa\u00e7\u00f5es sobre vel\u00f3rio e sepultamento.<\/strong><\/p>\n<p><strong>Devido ao acidente, a rodovia precisou ser interditada nos dois sentidos, gerando um longo congestionamento. A via s\u00f3 foi liberada \u00e0s 10h30, ap\u00f3s a retirada dos ve\u00edculos e limpeza da pista com p\u00f3 de serra feita pelos bombeiros.<\/strong><\/p>\n","protected":false},"excerpt":{"rendered":"<p>Um acidente, entre um \u00f4nibus e uma pick-up cabine dupla, deixou uma pessoa morta e tr\u00eas feridas na manh\u00e3 deste domingo (2) em um trecho da BR-415 entre\u00a0Ilh\u00e9us\u00a0e\u00a0Itabuna, no Sul. Segundo a TV Santa Cruz, a v\u00edtima morta foi identificada como Erick Vin\u00edcius Caldas Ramos dos Santos, de 34 anos. Ele era empres\u00e1rio, dono de [&hellip;]<\/p>\n","protected":false},"author":2,"featured_media":123936,"comment_status":"closed","ping_status":"open","sticky":false,"template":"","format":"standard","meta":{"footnotes":"","_links_to":"","_links_to_target":""},"categories":[1],"tags":[],"class_list":["post-123934","post","type-post","status-publish","format-standard","has-post-thumbnail","hentry","category-geral"],"views":528,"_links":{"self":[{"href":"https:\/\/www.sudoestehoje.com.br\/novoportal\/wp-json\/wp\/v2\/posts\/123934","targetHints":{"allow":["GET"]}}],"collection":[{"href":"https:\/\/www.sudoestehoje.com.br\/novoportal\/wp-json\/wp\/v2\/posts"}],"about":[{"href":"https:\/\/www.sudoestehoje.com.br\/novoportal\/wp-json\/wp\/v2\/types\/post"}],"author":[{"embeddable":true,"href":"https:\/\/www.sudoestehoje.com.br\/novoportal\/wp-json\/wp\/v2\/users\/2"}],"replies":[{"embeddable":true,"href":"https:\/\/www.sudoestehoje.com.br\/novoportal\/wp-json\/wp\/v2\/comments?post=123934"}],"version-history":[{"count":2,"href":"https:\/\/www.sudoestehoje.com.br\/novoportal\/wp-json\/wp\/v2\/posts\/123934\/revisions"}],"predecessor-version":[{"id":123938,"href":"https:\/\/www.sudoestehoje.com.br\/novoportal\/wp-json\/wp\/v2\/posts\/123934\/revisions\/123938"}],"wp:featuredmedia":[{"embeddable":true,"href":"https:\/\/www.sudoestehoje.com.br\/novoportal\/wp-json\/wp\/v2\/media\/123936"}],"wp:attachment":[{"href":"https:\/\/www.sudoestehoje.com.br\/novoportal\/wp-json\/wp\/v2\/media?parent=123934"}],"wp:term":[{"taxonomy":"category","embeddable":true,"href":"https:\/\/www.sudoestehoje.com.br\/novoportal\/wp-json\/wp\/v2\/categories?post=123934"},{"taxonomy":"post_tag","embeddable":true,"href":"https:\/\/www.sudoestehoje.com.br\/novoportal\/wp-json\/wp\/v2\/tags?post=123934"}],"curies":[{"name":"wp","href":"https:\/\/api.w.org\/{rel}","templated":true}]}}