
{"id":123931,"date":"2025-11-03T08:52:46","date_gmt":"2025-11-03T11:52:46","guid":{"rendered":"https:\/\/www.sudoestehoje.com.br\/novoportal\/?p=123931"},"modified":"2025-11-03T08:52:46","modified_gmt":"2025-11-03T11:52:46","slug":"itacare-registra-tres-mortes-por-afogamento-neste-final-de-semana","status":"publish","type":"post","link":"https:\/\/www.sudoestehoje.com.br\/novoportal\/2025\/11\/03\/itacare-registra-tres-mortes-por-afogamento-neste-final-de-semana\/","title":{"rendered":"ITACAR\u00c9 REGISTRA TR\u00caS MORTES POR AFOGAMENTO NESTE FINAL DE SEMANA"},"content":{"rendered":"<p><img loading=\"lazy\" decoding=\"async\" class=\"alignnone size-full wp-image-123932\" src=\"https:\/\/www.sudoestehoje.com.br\/novoportal\/wp-content\/uploads\/2025\/11\/IMG-20251102-WA1395.jpg\" alt=\"\" width=\"581\" height=\"388\" \/><\/p>\n<p><strong>O Dia de Finados, que costuma ser reservado \u00e0 mem\u00f3ria e ao sil\u00eancio, ganhou um peso ainda maior em Itacar\u00e9. Em menos de 24 horas, tr\u00eas moradores perderam a vida em epis\u00f3dios distintos de afogamento, deixando a comunidade em choque profundo e mergulhada em luto coletivo.<\/strong><\/p>\n<p><strong>A primeira morte ocorreu logo nas primeiras horas da manh\u00e3 de domingo, na Praia do Havaizinho. Renner Oliveira, 24 anos, foi levado pelo mar ap\u00f3s entrar na \u00e1gua para se banhar. Amigos relatam que ele estava feliz, tirando fotos e aproveitando o dia, at\u00e9 que uma correnteza o puxou de volta para o oceano. Mesmo com tentativas de resgate feitas por pessoas que estavam na praia, Renner n\u00e3o resistiu.<\/strong><\/p>\n<p><strong>Enquanto familiares e amigos tentavam assimilar a perda, outra trag\u00e9dia acontecia no Rio de Contas. O empres\u00e1rio L\u00e9o Motos, conhecido carinhosamente como Seu L\u00e9o, e o amigo Carlos Neto, de Porto Seguro, morreram ao tentar salvar uma crian\u00e7a que se afogava.<\/strong><\/p>\n<p><strong>Segundo testemunhas, os dois perceberam o desespero da fam\u00edlia \u00e0s margens do rio e n\u00e3o hesitaram em entrar na \u00e1gua para ajudar. Eles conseguiram alcan\u00e7ar a crian\u00e7a, mas acabaram sendo surpreendidos pela for\u00e7a da correnteza. Ambos desapareceram pouco depois. A crian\u00e7a foi retirada com vida.<\/strong><\/p>\n<p><strong>O corpo de Seu L\u00e9o foi encontrado em seguida, gerando grande tristeza entre moradores que o viam como figura querida, sempre disposto a ajudar. J\u00e1 Carlos Neto, que tamb\u00e9m tentou o salvamento, foi localizado pr\u00f3ximo \u00e0 ponte, sem vida.<\/strong><\/p>\n","protected":false},"excerpt":{"rendered":"<p>O Dia de Finados, que costuma ser reservado \u00e0 mem\u00f3ria e ao sil\u00eancio, ganhou um peso ainda maior em Itacar\u00e9. Em menos de 24 horas, tr\u00eas moradores perderam a vida em epis\u00f3dios distintos de afogamento, deixando a comunidade em choque profundo e mergulhada em luto coletivo. A primeira morte ocorreu logo nas primeiras horas da [&hellip;]<\/p>\n","protected":false},"author":2,"featured_media":123932,"comment_status":"closed","ping_status":"open","sticky":false,"template":"","format":"standard","meta":{"footnotes":"","_links_to":"","_links_to_target":""},"categories":[1],"tags":[],"class_list":["post-123931","post","type-post","status-publish","format-standard","has-post-thumbnail","hentry","category-geral"],"views":451,"_links":{"self":[{"href":"https:\/\/www.sudoestehoje.com.br\/novoportal\/wp-json\/wp\/v2\/posts\/123931","targetHints":{"allow":["GET"]}}],"collection":[{"href":"https:\/\/www.sudoestehoje.com.br\/novoportal\/wp-json\/wp\/v2\/posts"}],"about":[{"href":"https:\/\/www.sudoestehoje.com.br\/novoportal\/wp-json\/wp\/v2\/types\/post"}],"author":[{"embeddable":true,"href":"https:\/\/www.sudoestehoje.com.br\/novoportal\/wp-json\/wp\/v2\/users\/2"}],"replies":[{"embeddable":true,"href":"https:\/\/www.sudoestehoje.com.br\/novoportal\/wp-json\/wp\/v2\/comments?post=123931"}],"version-history":[{"count":1,"href":"https:\/\/www.sudoestehoje.com.br\/novoportal\/wp-json\/wp\/v2\/posts\/123931\/revisions"}],"predecessor-version":[{"id":123933,"href":"https:\/\/www.sudoestehoje.com.br\/novoportal\/wp-json\/wp\/v2\/posts\/123931\/revisions\/123933"}],"wp:featuredmedia":[{"embeddable":true,"href":"https:\/\/www.sudoestehoje.com.br\/novoportal\/wp-json\/wp\/v2\/media\/123932"}],"wp:attachment":[{"href":"https:\/\/www.sudoestehoje.com.br\/novoportal\/wp-json\/wp\/v2\/media?parent=123931"}],"wp:term":[{"taxonomy":"category","embeddable":true,"href":"https:\/\/www.sudoestehoje.com.br\/novoportal\/wp-json\/wp\/v2\/categories?post=123931"},{"taxonomy":"post_tag","embeddable":true,"href":"https:\/\/www.sudoestehoje.com.br\/novoportal\/wp-json\/wp\/v2\/tags?post=123931"}],"curies":[{"name":"wp","href":"https:\/\/api.w.org\/{rel}","templated":true}]}}