
{"id":123895,"date":"2025-10-29T23:16:22","date_gmt":"2025-10-30T02:16:22","guid":{"rendered":"https:\/\/www.sudoestehoje.com.br\/novoportal\/?p=123895"},"modified":"2025-10-29T23:16:22","modified_gmt":"2025-10-30T02:16:22","slug":"morre-raul-ferraz-ex-prefeito-de-vitoria-da-conquista-e-deputado-federal","status":"publish","type":"post","link":"https:\/\/www.sudoestehoje.com.br\/novoportal\/2025\/10\/29\/morre-raul-ferraz-ex-prefeito-de-vitoria-da-conquista-e-deputado-federal\/","title":{"rendered":"MORRE RAUL FERRAZ, EX-PREFEITO DE VIT\u00d3RIA DA CONQUISTA E DEPUTADO FEDERAL"},"content":{"rendered":"<p data-start=\"73\" data-end=\"313\"><img loading=\"lazy\" decoding=\"async\" class=\"alignnone size-full wp-image-123896\" src=\"https:\/\/www.sudoestehoje.com.br\/novoportal\/wp-content\/uploads\/2025\/10\/Imagem-do-WhatsApp-de-2025-10-29-as-21.57.55_3f256115.jpg\" alt=\"\" width=\"1025\" height=\"749\" \/><\/p>\n<p data-start=\"73\" data-end=\"313\"><strong>Faleceu na noite desta quarta-feira, 29, em Bras\u00edlia, o ex-prefeito de Vit\u00f3ria da Conquista, Raul Ferraz, figura hist\u00f3rica da pol\u00edtica conquistense e nome de destaque na vida p\u00fablica do munic\u00edpio.<\/strong><\/p>\n<p data-start=\"315\" data-end=\"609\"><strong>Raul Ferraz foi um dos administradores mais lembrados da cidade, exercendo mandato com forte atua\u00e7\u00e3o na \u00e1rea administrativa, cultural e de planejamento urbano. Sua gest\u00e3o marcou um per\u00edodo de transforma\u00e7\u00f5es estruturais que ainda hoje s\u00e3o citadas por moradores, pesquisadores e agentes p\u00fablicos.<\/strong><\/p>\n<p data-start=\"611\" data-end=\"732\"><strong>O corpo ser\u00e1 velado e sepultado em Bras\u00edlia.<\/strong><\/p>\n<p data-start=\"734\" data-end=\"962\"><strong>A not\u00edcia de sua morte gerou como\u00e7\u00e3o entre lideran\u00e7as pol\u00edticas e cidad\u00e3os de v\u00e1rias gera\u00e7\u00f5es que acompanharam sua trajet\u00f3ria. Mensagens de pesar come\u00e7aram a circular nas redes sociais logo ap\u00f3s a confirma\u00e7\u00e3o do falecimento.<\/strong><\/p>\n<p data-start=\"964\" data-end=\"1161\"><strong>Raul Ferraz deixa um legado significativo na hist\u00f3ria pol\u00edtica de Vit\u00f3ria da Conquista, marcado por sua contribui\u00e7\u00e3o ao desenvolvimento da cidade e por sua atua\u00e7\u00e3o em defesa do servi\u00e7o p\u00fablico.<\/strong><\/p>\n<p data-start=\"964\" data-end=\"1161\"><strong>Raul Ferraz foi deputado federal por dois mandatos, pelo PMDB.<\/strong><\/p>\n<p data-start=\"964\" data-end=\"1161\"><strong>O Sudoeste Hoje lamenta a perda do grande amigo e estende o seu pesar \u00e0 fam\u00edlia enlutada e amigos de Raul. \/\/Informa\u00e7\u00f5es Blog do Rodrigo Ferraz<\/strong><\/p>\n","protected":false},"excerpt":{"rendered":"<p>Faleceu na noite desta quarta-feira, 29, em Bras\u00edlia, o ex-prefeito de Vit\u00f3ria da Conquista, Raul Ferraz, figura hist\u00f3rica da pol\u00edtica conquistense e nome de destaque na vida p\u00fablica do munic\u00edpio. Raul Ferraz foi um dos administradores mais lembrados da cidade, exercendo mandato com forte atua\u00e7\u00e3o na \u00e1rea administrativa, cultural e de planejamento urbano. Sua gest\u00e3o [&hellip;]<\/p>\n","protected":false},"author":2,"featured_media":123896,"comment_status":"closed","ping_status":"open","sticky":false,"template":"","format":"standard","meta":{"footnotes":"","_links_to":"","_links_to_target":""},"categories":[1],"tags":[],"class_list":["post-123895","post","type-post","status-publish","format-standard","has-post-thumbnail","hentry","category-geral"],"views":528,"_links":{"self":[{"href":"https:\/\/www.sudoestehoje.com.br\/novoportal\/wp-json\/wp\/v2\/posts\/123895","targetHints":{"allow":["GET"]}}],"collection":[{"href":"https:\/\/www.sudoestehoje.com.br\/novoportal\/wp-json\/wp\/v2\/posts"}],"about":[{"href":"https:\/\/www.sudoestehoje.com.br\/novoportal\/wp-json\/wp\/v2\/types\/post"}],"author":[{"embeddable":true,"href":"https:\/\/www.sudoestehoje.com.br\/novoportal\/wp-json\/wp\/v2\/users\/2"}],"replies":[{"embeddable":true,"href":"https:\/\/www.sudoestehoje.com.br\/novoportal\/wp-json\/wp\/v2\/comments?post=123895"}],"version-history":[{"count":2,"href":"https:\/\/www.sudoestehoje.com.br\/novoportal\/wp-json\/wp\/v2\/posts\/123895\/revisions"}],"predecessor-version":[{"id":123898,"href":"https:\/\/www.sudoestehoje.com.br\/novoportal\/wp-json\/wp\/v2\/posts\/123895\/revisions\/123898"}],"wp:featuredmedia":[{"embeddable":true,"href":"https:\/\/www.sudoestehoje.com.br\/novoportal\/wp-json\/wp\/v2\/media\/123896"}],"wp:attachment":[{"href":"https:\/\/www.sudoestehoje.com.br\/novoportal\/wp-json\/wp\/v2\/media?parent=123895"}],"wp:term":[{"taxonomy":"category","embeddable":true,"href":"https:\/\/www.sudoestehoje.com.br\/novoportal\/wp-json\/wp\/v2\/categories?post=123895"},{"taxonomy":"post_tag","embeddable":true,"href":"https:\/\/www.sudoestehoje.com.br\/novoportal\/wp-json\/wp\/v2\/tags?post=123895"}],"curies":[{"name":"wp","href":"https:\/\/api.w.org\/{rel}","templated":true}]}}