
{"id":123890,"date":"2025-10-29T10:04:29","date_gmt":"2025-10-29T13:04:29","guid":{"rendered":"https:\/\/www.sudoestehoje.com.br\/novoportal\/?p=123890"},"modified":"2025-10-29T10:04:29","modified_gmt":"2025-10-29T13:04:29","slug":"rio-moradores-da-penha-levam-62-corpos-a-praca-apos-operacao-policial-mortos-estao-fora-do-balanco-oficial","status":"publish","type":"post","link":"https:\/\/www.sudoestehoje.com.br\/novoportal\/2025\/10\/29\/rio-moradores-da-penha-levam-62-corpos-a-praca-apos-operacao-policial-mortos-estao-fora-do-balanco-oficial\/","title":{"rendered":"RIO | MORADORES DA PENHA LEVAM 62 CORPOS \u00c0 PRA\u00c7A AP\u00d3S OPERA\u00c7\u00c3O POLICIAL; MORTOS EST\u00c3O FORA DO BALAN\u00c7O OFICIAL"},"content":{"rendered":"<p><img loading=\"lazy\" decoding=\"async\" class=\"alignnone size-full wp-image-123892\" src=\"https:\/\/www.sudoestehoje.com.br\/novoportal\/wp-content\/uploads\/2025\/10\/1_imagem_do_whatsapp_de_2025_10_29_a_s__07_43_33_b974f241-37363823.jpg\" alt=\"\" width=\"1200\" height=\"750\" \/><\/p>\n<p><strong>Moradores do Complexo da Penha, na Zona Norte do Rio de Janeiro, levaram 62 corpos para a Pra\u00e7a S\u00e3o Lucas, localizada na Estrada Jos\u00e9 Rucas, durante a madrugada desta quarta-feira (29). A a\u00e7\u00e3o ocorreu um dia ap\u00f3s a\u00a0opera\u00e7\u00e3o mais letal da hist\u00f3ria do estado.<\/strong><\/p>\n<p><strong>Na ter\u00e7a-feira (28), o governo do Rio informou que 60 suspeitos morreram durante a megaopera\u00e7\u00e3o nas comunidades da Penha e do Alem\u00e3o, al\u00e9m de quatro policiais que tamb\u00e9m perderam a vida. No entanto, os corpos levados \u00e0 pra\u00e7a n\u00e3o foram contabilizados no balan\u00e7o oficial, de acordo com o secret\u00e1rio da Pol\u00edcia Militar, coronel Marcelo de Menezes Nogueira.<\/strong><\/p>\n<p><strong>Haver\u00e1 uma per\u00edcia para confirmar se h\u00e1 rela\u00e7\u00e3o entre essas mortes e a opera\u00e7\u00e3o. Caso os novos \u00f3bitos sejam confirmados, o n\u00famero total de mortes pode ultrapassar 100.<\/strong><\/p>\n","protected":false},"excerpt":{"rendered":"<p>Moradores do Complexo da Penha, na Zona Norte do Rio de Janeiro, levaram 62 corpos para a Pra\u00e7a S\u00e3o Lucas, localizada na Estrada Jos\u00e9 Rucas, durante a madrugada desta quarta-feira (29). A a\u00e7\u00e3o ocorreu um dia ap\u00f3s a\u00a0opera\u00e7\u00e3o mais letal da hist\u00f3ria do estado. Na ter\u00e7a-feira (28), o governo do Rio informou que 60 suspeitos [&hellip;]<\/p>\n","protected":false},"author":2,"featured_media":123892,"comment_status":"closed","ping_status":"open","sticky":false,"template":"","format":"standard","meta":{"footnotes":"","_links_to":"","_links_to_target":""},"categories":[1],"tags":[],"class_list":["post-123890","post","type-post","status-publish","format-standard","has-post-thumbnail","hentry","category-geral"],"views":746,"_links":{"self":[{"href":"https:\/\/www.sudoestehoje.com.br\/novoportal\/wp-json\/wp\/v2\/posts\/123890","targetHints":{"allow":["GET"]}}],"collection":[{"href":"https:\/\/www.sudoestehoje.com.br\/novoportal\/wp-json\/wp\/v2\/posts"}],"about":[{"href":"https:\/\/www.sudoestehoje.com.br\/novoportal\/wp-json\/wp\/v2\/types\/post"}],"author":[{"embeddable":true,"href":"https:\/\/www.sudoestehoje.com.br\/novoportal\/wp-json\/wp\/v2\/users\/2"}],"replies":[{"embeddable":true,"href":"https:\/\/www.sudoestehoje.com.br\/novoportal\/wp-json\/wp\/v2\/comments?post=123890"}],"version-history":[{"count":2,"href":"https:\/\/www.sudoestehoje.com.br\/novoportal\/wp-json\/wp\/v2\/posts\/123890\/revisions"}],"predecessor-version":[{"id":123893,"href":"https:\/\/www.sudoestehoje.com.br\/novoportal\/wp-json\/wp\/v2\/posts\/123890\/revisions\/123893"}],"wp:featuredmedia":[{"embeddable":true,"href":"https:\/\/www.sudoestehoje.com.br\/novoportal\/wp-json\/wp\/v2\/media\/123892"}],"wp:attachment":[{"href":"https:\/\/www.sudoestehoje.com.br\/novoportal\/wp-json\/wp\/v2\/media?parent=123890"}],"wp:term":[{"taxonomy":"category","embeddable":true,"href":"https:\/\/www.sudoestehoje.com.br\/novoportal\/wp-json\/wp\/v2\/categories?post=123890"},{"taxonomy":"post_tag","embeddable":true,"href":"https:\/\/www.sudoestehoje.com.br\/novoportal\/wp-json\/wp\/v2\/tags?post=123890"}],"curies":[{"name":"wp","href":"https:\/\/api.w.org\/{rel}","templated":true}]}}