
{"id":123883,"date":"2025-10-28T10:17:48","date_gmt":"2025-10-28T13:17:48","guid":{"rendered":"https:\/\/www.sudoestehoje.com.br\/novoportal\/?p=123883"},"modified":"2025-10-28T10:17:48","modified_gmt":"2025-10-28T13:17:48","slug":"quentinhas-mdb-da-bahia-e-direita-ou-esquerda","status":"publish","type":"post","link":"https:\/\/www.sudoestehoje.com.br\/novoportal\/2025\/10\/28\/quentinhas-mdb-da-bahia-e-direita-ou-esquerda\/","title":{"rendered":"QUENTINHAS | MDB DA BAHIA \u00c9 DIREITA OU ESQUERDA?"},"content":{"rendered":"<p><img loading=\"lazy\" decoding=\"async\" class=\"alignnone size-full wp-image-123887\" src=\"https:\/\/www.sudoestehoje.com.br\/novoportal\/wp-content\/uploads\/2025\/10\/b087fbc9-7971-44c9-b854-e0a5545b1623.jpg\" alt=\"\" width=\"539\" height=\"338\" \/><\/p>\n<p><strong>CENTRO ESQUERDA PENDENDO PRA DIREITA<\/strong><\/p>\n<p><strong>Em todo o Brasil, estamos acostumados a acompanhar via m\u00eddias, uma polariza\u00e7\u00e3o entre esquerda e direita, desde que o PT ascendeu ao poder. Ber\u00e7o de toda a esquerda do pa\u00eds, durante o regime militar, o MDB acabou perdendo sua principal caracter\u00edstica e aos poucos foi pendendo para o centro e at\u00e9 para a direita, dependendo do estado. Na Bahia, o MDB apoia o governo do PT, mas nunca deixou de ser centro-direita, a partir da era de Geddel. Seria um partido de centro esquerda pendendo para a direita ou centro direita pendendo para a esquerda?\u00a0<\/strong><\/p>\n<p><strong>EDUARDO N\u00c3O \u00c9 DA ESQUERDA<\/strong><\/p>\n<p><strong>No caso de Itapetinga, o que vemos e podemos afirmar \u00e9 que o prefeito Eduardo Hagge (MDB) continua sendo um pol\u00edtico de centro direita, que fez uma alian\u00e7a com o governo petista de Jer\u00f4nimo Rodrigues, por mera necessidade administrativa. Sem poder de arcar com investimentos de vulto que a cidade precisa, Eduardo aderiu ao projeto pol\u00edtico do governo, que \u00e9 mais de poder do que ideol\u00f3gico. Se o MDB \u00e9 da base do governo, Eduardo seguiu apenas a cartilha do\u00a0 seu partido, e tenta tirar proveito disto, buscando os investimentos que Itapetinga precisa e que s\u00f3 o governo pode dar. Se der certo, o sucesso pode ser garantido.<\/strong><\/p>\n<p><strong>RACHA EM ITAPETINGA REFOR\u00c7A OPOSI\u00c7\u00c3O?<\/strong><\/p>\n<p><strong>Sem analisar as raz\u00f5es que levaram Eduardo e Rodrigo a romperem as rela\u00e7\u00f5es pol\u00edticas, a an\u00e1lise em qualquer campo pol\u00edtico \u00e9 de que essa divis\u00e3o pode facilitar, em tese, a vida da oposi\u00e7\u00e3o na capital da pecu\u00e1ria, com vistas a 2028. Digo em tese, porque muita coisa mudou depois que Jer\u00f4nimo apoiou Eduardo e escanteou Cida Moura, que vive magoada e acenando para Rodrigo Hagge, atrav\u00e9s do seu genro Lucas Costa.<\/strong><\/p>\n<p><strong>UM BOM EMPREGO RESOLVE<\/strong><\/p>\n<p><strong>Conhe\u00e7o bem essa turma e tenho certeza de que, at\u00e9 as elei\u00e7\u00f5es, o senador Otto resolve essa parada, levando a esposa de Z\u00e9 Carlos, de novo, para os bra\u00e7os do governo. Uma boa promessa de emprego para o genro dos Mouras, deve resolver tudo, como de praxe. Mas at\u00e9 2028, muitas \u00e1guas v\u00e3o rolar, a depender do resultado das elei\u00e7\u00f5es para o governo do estado em 2026.\u00a0<\/strong><\/p>\n<p><strong>CANDIDATURAS AO GOVERNO E DEPUTADOS<\/strong><\/p>\n<p><strong>O grande desafio do prefeito Eduardo Hagge, \u00e9 romper com o tabu de v\u00e1rias elei\u00e7\u00f5es, derrotando o candidato carlista, ACM Neto, em Itapetinga. O PT nunca ganhou uma elei\u00e7\u00e3o estadual em Itapetinga e precisa investir muito na cidade para virar o jogo a seu favor. O grande trunfo de Eduardo \u00e9 a constru\u00e7\u00e3o do Hospital Regional e da policl\u00ednica. \u00c9 uma corrida contra o tempo. Isto dever\u00e1 influenciar tamb\u00e9m a performance dos candidatos apoiados pelo prefeito, tanto para a c\u00e2mara federal, quanto para a Assembleia Legislativa. O cumprimento ou n\u00e3o das promessas de Jer\u00f4nimo \u00e9 que vai dar o tom&#8230;<\/strong><\/p>\n<p><strong>Por Davi Ferraz<\/strong><\/p>\n","protected":false},"excerpt":{"rendered":"<p>CENTRO ESQUERDA PENDENDO PRA DIREITA Em todo o Brasil, estamos acostumados a acompanhar via m\u00eddias, uma polariza\u00e7\u00e3o entre esquerda e direita, desde que o PT ascendeu ao poder. Ber\u00e7o de toda a esquerda do pa\u00eds, durante o regime militar, o MDB acabou perdendo sua principal caracter\u00edstica e aos poucos foi pendendo para o centro e [&hellip;]<\/p>\n","protected":false},"author":2,"featured_media":123887,"comment_status":"closed","ping_status":"open","sticky":false,"template":"","format":"standard","meta":{"footnotes":"","_links_to":"","_links_to_target":""},"categories":[1],"tags":[],"class_list":["post-123883","post","type-post","status-publish","format-standard","has-post-thumbnail","hentry","category-geral"],"views":807,"_links":{"self":[{"href":"https:\/\/www.sudoestehoje.com.br\/novoportal\/wp-json\/wp\/v2\/posts\/123883","targetHints":{"allow":["GET"]}}],"collection":[{"href":"https:\/\/www.sudoestehoje.com.br\/novoportal\/wp-json\/wp\/v2\/posts"}],"about":[{"href":"https:\/\/www.sudoestehoje.com.br\/novoportal\/wp-json\/wp\/v2\/types\/post"}],"author":[{"embeddable":true,"href":"https:\/\/www.sudoestehoje.com.br\/novoportal\/wp-json\/wp\/v2\/users\/2"}],"replies":[{"embeddable":true,"href":"https:\/\/www.sudoestehoje.com.br\/novoportal\/wp-json\/wp\/v2\/comments?post=123883"}],"version-history":[{"count":5,"href":"https:\/\/www.sudoestehoje.com.br\/novoportal\/wp-json\/wp\/v2\/posts\/123883\/revisions"}],"predecessor-version":[{"id":123889,"href":"https:\/\/www.sudoestehoje.com.br\/novoportal\/wp-json\/wp\/v2\/posts\/123883\/revisions\/123889"}],"wp:featuredmedia":[{"embeddable":true,"href":"https:\/\/www.sudoestehoje.com.br\/novoportal\/wp-json\/wp\/v2\/media\/123887"}],"wp:attachment":[{"href":"https:\/\/www.sudoestehoje.com.br\/novoportal\/wp-json\/wp\/v2\/media?parent=123883"}],"wp:term":[{"taxonomy":"category","embeddable":true,"href":"https:\/\/www.sudoestehoje.com.br\/novoportal\/wp-json\/wp\/v2\/categories?post=123883"},{"taxonomy":"post_tag","embeddable":true,"href":"https:\/\/www.sudoestehoje.com.br\/novoportal\/wp-json\/wp\/v2\/tags?post=123883"}],"curies":[{"name":"wp","href":"https:\/\/api.w.org\/{rel}","templated":true}]}}