
{"id":123873,"date":"2025-10-27T21:03:27","date_gmt":"2025-10-28T00:03:27","guid":{"rendered":"https:\/\/www.sudoestehoje.com.br\/novoportal\/?p=123873"},"modified":"2025-10-27T23:34:19","modified_gmt":"2025-10-28T02:34:19","slug":"123873","status":"publish","type":"post","link":"https:\/\/www.sudoestehoje.com.br\/novoportal\/2025\/10\/27\/123873\/","title":{"rendered":"OFICIAL DE JUSTI\u00c7A DE IBICARA\u00cd \u00c9 ASSASSINADO DENTRO DE SUA RESID\u00caNCIA"},"content":{"rendered":"<p><img loading=\"lazy\" decoding=\"async\" class=\"alignnone wp-image-123874\" src=\"https:\/\/www.sudoestehoje.com.br\/novoportal\/wp-content\/uploads\/2025\/10\/images-1-2.jpeg\" alt=\"\" width=\"548\" height=\"288\" \/><\/p>\n<p><strong>Um oficial de justi\u00e7a Kergivan Mateus foi encontrado morto nesta segunda-feira (27) em sua resid\u00eancia, na cidade de\u00a0Ibicara\u00ed, no sul da Bahia. A pol\u00edcia civil investiga o caso, mas\u00a0a principal suspeita \u00e9 que seja um caso de\u00a0latroc\u00ednio, at\u00e9 o momento ningu\u00e9m foi preso.\u00a0<\/strong><\/p>\n<p><strong>Segundo informa\u00e7\u00f5es do Blog dos Pol\u00edticos do Sul da Bahia, parceiro do Bahia Not\u00edcias, as circunst\u00e2ncias do crime indicam latroc\u00ednio (roubo seguido de morte), o homem foi esfaqueado por diversos golpes e teve o ve\u00edculo, o celular e a carteira levados pelos criminosos.<\/strong><\/p>\n<p><strong>A v\u00edtima era servidor do Poder Judici\u00e1rio da Bahia e bastante conhecido na regi\u00e3o pelo trabalho e conviv\u00eancia com colegas do f\u00f3rum local. A not\u00edcia da morte causou profunda como\u00e7\u00e3o entre servidores p\u00fablicos, advogados e moradores da cidade.<\/strong><\/p>\n<p><strong>A Pol\u00edcia Civil j\u00e1 iniciou as investiga\u00e7\u00f5es para identificar os autores e esclarecer os detalhes do crime. O corpo foi encaminhado ao Departamento de Pol\u00edcia T\u00e9cnica (DPT) de\u00a0Itabuna, onde passar\u00e1 por per\u00edcia. Amigos e colegas prestaram homenagens nas redes sociais, destacando a trajet\u00f3ria profissional e o car\u00e1ter do oficial.\u00a0<\/strong><\/p>\n","protected":false},"excerpt":{"rendered":"<p>Um oficial de justi\u00e7a Kergivan Mateus foi encontrado morto nesta segunda-feira (27) em sua resid\u00eancia, na cidade de\u00a0Ibicara\u00ed, no sul da Bahia. A pol\u00edcia civil investiga o caso, mas\u00a0a principal suspeita \u00e9 que seja um caso de\u00a0latroc\u00ednio, at\u00e9 o momento ningu\u00e9m foi preso.\u00a0 Segundo informa\u00e7\u00f5es do Blog dos Pol\u00edticos do Sul da Bahia, parceiro do [&hellip;]<\/p>\n","protected":false},"author":2,"featured_media":123874,"comment_status":"closed","ping_status":"open","sticky":false,"template":"","format":"standard","meta":{"footnotes":"","_links_to":"","_links_to_target":""},"categories":[1],"tags":[],"class_list":["post-123873","post","type-post","status-publish","format-standard","has-post-thumbnail","hentry","category-geral"],"views":610,"_links":{"self":[{"href":"https:\/\/www.sudoestehoje.com.br\/novoportal\/wp-json\/wp\/v2\/posts\/123873","targetHints":{"allow":["GET"]}}],"collection":[{"href":"https:\/\/www.sudoestehoje.com.br\/novoportal\/wp-json\/wp\/v2\/posts"}],"about":[{"href":"https:\/\/www.sudoestehoje.com.br\/novoportal\/wp-json\/wp\/v2\/types\/post"}],"author":[{"embeddable":true,"href":"https:\/\/www.sudoestehoje.com.br\/novoportal\/wp-json\/wp\/v2\/users\/2"}],"replies":[{"embeddable":true,"href":"https:\/\/www.sudoestehoje.com.br\/novoportal\/wp-json\/wp\/v2\/comments?post=123873"}],"version-history":[{"count":4,"href":"https:\/\/www.sudoestehoje.com.br\/novoportal\/wp-json\/wp\/v2\/posts\/123873\/revisions"}],"predecessor-version":[{"id":123882,"href":"https:\/\/www.sudoestehoje.com.br\/novoportal\/wp-json\/wp\/v2\/posts\/123873\/revisions\/123882"}],"wp:featuredmedia":[{"embeddable":true,"href":"https:\/\/www.sudoestehoje.com.br\/novoportal\/wp-json\/wp\/v2\/media\/123874"}],"wp:attachment":[{"href":"https:\/\/www.sudoestehoje.com.br\/novoportal\/wp-json\/wp\/v2\/media?parent=123873"}],"wp:term":[{"taxonomy":"category","embeddable":true,"href":"https:\/\/www.sudoestehoje.com.br\/novoportal\/wp-json\/wp\/v2\/categories?post=123873"},{"taxonomy":"post_tag","embeddable":true,"href":"https:\/\/www.sudoestehoje.com.br\/novoportal\/wp-json\/wp\/v2\/tags?post=123873"}],"curies":[{"name":"wp","href":"https:\/\/api.w.org\/{rel}","templated":true}]}}