
{"id":123868,"date":"2025-10-27T20:17:50","date_gmt":"2025-10-27T23:17:50","guid":{"rendered":"https:\/\/www.sudoestehoje.com.br\/novoportal\/?p=123868"},"modified":"2025-10-27T20:17:50","modified_gmt":"2025-10-27T23:17:50","slug":"jovem-morre-apos-dar-a-luz-em-ilheus","status":"publish","type":"post","link":"https:\/\/www.sudoestehoje.com.br\/novoportal\/2025\/10\/27\/jovem-morre-apos-dar-a-luz-em-ilheus\/","title":{"rendered":"JOVEM MORRE AP\u00d3S DAR \u00c0 LUZ EM ILH\u00c9US"},"content":{"rendered":"<p><img loading=\"lazy\" decoding=\"async\" class=\"alignnone size-full wp-image-123871\" src=\"https:\/\/www.sudoestehoje.com.br\/novoportal\/wp-content\/uploads\/2025\/10\/jovem-morre-apos-dar-a-luz-a-filha-em-ilheus-1.jpeg\" alt=\"\" width=\"800\" height=\"510\" \/><\/p>\n<p><strong>Uma jovem faleceu nesta segunda-feira (27), em Ilh\u00e9us, ap\u00f3s dar \u00e0 luz a filha no Hospital Materno-Infantil Dr. Joaquim Sampaio. Mariana Ribeiro, de 24 anos, teria sido v\u00edtima de complica\u00e7\u00f5es p\u00f3s-parto, incluindo embolia pulmonar.<\/strong><\/p>\n<p><strong>Estudante de Odontologia, Mariana nasceu em Gandu, no baixo-sul do estado, e tornou-se conhecida em Ilh\u00e9us atuando em a\u00e7\u00f5es de comunica\u00e7\u00e3o social da Prefeitura, em 2024, ainda na gest\u00e3o do ex-prefeito M\u00e1rio Alexandre, Mar\u00e3o (PSD), que se manifestou sobre a morte repentina da jovem.<\/strong><\/p>\n<p><strong>Numa rede social, Mar\u00e3o disse que recebeu a not\u00edcia do falecimento de Mariana Ribeiro com imensa tristeza: \u201cUma grande e querida amiga, cheia de luz e ternura, que nos deixou de forma t\u00e3o precoce\u201d. \u201cDif\u00edcil aceitar que algu\u00e9m t\u00e3o cheia de vida e amor partiu t\u00e3o cedo\u201d, acrescentou.<\/strong><\/p>\n<p><strong>Ainda n\u00e3o h\u00e1 informa\u00e7\u00f5es sobre o vel\u00f3rio e o sepultamento. \/\/Pimenta Blog<\/strong><\/p>\n","protected":false},"excerpt":{"rendered":"<p>Uma jovem faleceu nesta segunda-feira (27), em Ilh\u00e9us, ap\u00f3s dar \u00e0 luz a filha no Hospital Materno-Infantil Dr. Joaquim Sampaio. Mariana Ribeiro, de 24 anos, teria sido v\u00edtima de complica\u00e7\u00f5es p\u00f3s-parto, incluindo embolia pulmonar. Estudante de Odontologia, Mariana nasceu em Gandu, no baixo-sul do estado, e tornou-se conhecida em Ilh\u00e9us atuando em a\u00e7\u00f5es de comunica\u00e7\u00e3o [&hellip;]<\/p>\n","protected":false},"author":2,"featured_media":123871,"comment_status":"closed","ping_status":"open","sticky":false,"template":"","format":"standard","meta":{"footnotes":"","_links_to":"","_links_to_target":""},"categories":[1],"tags":[],"class_list":["post-123868","post","type-post","status-publish","format-standard","has-post-thumbnail","hentry","category-geral"],"views":690,"_links":{"self":[{"href":"https:\/\/www.sudoestehoje.com.br\/novoportal\/wp-json\/wp\/v2\/posts\/123868","targetHints":{"allow":["GET"]}}],"collection":[{"href":"https:\/\/www.sudoestehoje.com.br\/novoportal\/wp-json\/wp\/v2\/posts"}],"about":[{"href":"https:\/\/www.sudoestehoje.com.br\/novoportal\/wp-json\/wp\/v2\/types\/post"}],"author":[{"embeddable":true,"href":"https:\/\/www.sudoestehoje.com.br\/novoportal\/wp-json\/wp\/v2\/users\/2"}],"replies":[{"embeddable":true,"href":"https:\/\/www.sudoestehoje.com.br\/novoportal\/wp-json\/wp\/v2\/comments?post=123868"}],"version-history":[{"count":3,"href":"https:\/\/www.sudoestehoje.com.br\/novoportal\/wp-json\/wp\/v2\/posts\/123868\/revisions"}],"predecessor-version":[{"id":123872,"href":"https:\/\/www.sudoestehoje.com.br\/novoportal\/wp-json\/wp\/v2\/posts\/123868\/revisions\/123872"}],"wp:featuredmedia":[{"embeddable":true,"href":"https:\/\/www.sudoestehoje.com.br\/novoportal\/wp-json\/wp\/v2\/media\/123871"}],"wp:attachment":[{"href":"https:\/\/www.sudoestehoje.com.br\/novoportal\/wp-json\/wp\/v2\/media?parent=123868"}],"wp:term":[{"taxonomy":"category","embeddable":true,"href":"https:\/\/www.sudoestehoje.com.br\/novoportal\/wp-json\/wp\/v2\/categories?post=123868"},{"taxonomy":"post_tag","embeddable":true,"href":"https:\/\/www.sudoestehoje.com.br\/novoportal\/wp-json\/wp\/v2\/tags?post=123868"}],"curies":[{"name":"wp","href":"https:\/\/api.w.org\/{rel}","templated":true}]}}