
{"id":123858,"date":"2025-10-24T09:51:57","date_gmt":"2025-10-24T12:51:57","guid":{"rendered":"https:\/\/www.sudoestehoje.com.br\/novoportal\/?p=123858"},"modified":"2025-10-24T10:01:39","modified_gmt":"2025-10-24T13:01:39","slug":"imoral-stf-forma-maioria-para-permitir-nomeacao-de-parentes-em-cargos-publicos","status":"publish","type":"post","link":"https:\/\/www.sudoestehoje.com.br\/novoportal\/2025\/10\/24\/imoral-stf-forma-maioria-para-permitir-nomeacao-de-parentes-em-cargos-publicos\/","title":{"rendered":"STF ABRE A PORTEIRA E FORMA MAIORIA PARA PERMITIR NOMEA\u00c7\u00c3O DE PARENTES EM CARGOS P\u00daBLICOS"},"content":{"rendered":"<div class=\"mc-column content-text active-extra-styles \" data-block-type=\"unstyled\" data-block-weight=\"55\" data-block-id=\"2\">\n<p data-track-category=\"Link no Texto\" data-track-links=\"\"><img loading=\"lazy\" decoding=\"async\" class=\"alignnone size-full wp-image-123865\" src=\"https:\/\/www.sudoestehoje.com.br\/novoportal\/wp-content\/uploads\/2025\/10\/Imagem-do-WhatsApp-de-2025-10-24-as-09.55.51_e462b328.jpg\" alt=\"\" width=\"1006\" height=\"1038\" \/><\/p>\n<p class=\" content-text__container \" data-track-category=\"Link no Texto\" data-track-links=\"\"><strong>O Supremo Tribunal Federal (STF) decidiu abrir caminho para que parentes de pol\u00edticos possam ocupar cargos de confian\u00e7a, como secret\u00e1rios municipais, estaduais e at\u00e9 ministros de Estado.<\/strong><\/p>\n<p><strong>Por 6 votos a 1, os ministros entenderam que a proibi\u00e7\u00e3o de nepotismo, prevista na S\u00famula Vinculante n\u00ba 13, n\u00e3o se aplica a cargos pol\u00edticos. <\/strong><strong>Entre os que votaram a favor est\u00e3o Luiz Fux, Cristiano Zanin, Alexandre de Moraes, Nunes Marques, Dias Toffoli e Andr\u00e9 Mendon\u00e7a.\u00a0<\/strong><\/p>\n<p><strong>O julgamento ainda n\u00e3o terminou \u2014 a ministra C\u00e1rmen L\u00facia dar\u00e1 o voto final na pr\u00f3xima semana.\u00a0<\/strong><br \/>\n<strong>A decis\u00e3o tem repercuss\u00e3o geral, ou seja, valer\u00e1 para todo o pa\u00eds, abrindo precedente para nomea\u00e7\u00f5es familiares em diferentes esferas do poder.<\/strong><\/p>\n<p class=\" content-text__container \" data-track-category=\"Link no Texto\" data-track-links=\"\"><strong>Enquanto uns falam em \u201ccrit\u00e9rios t\u00e9cnicos e idoneidade moral\u201d, outros veem o in\u00edcio de uma nova era de porteira escancarada na pol\u00edtica brasileira.<\/strong><\/p>\n<\/div>\n","protected":false},"excerpt":{"rendered":"<p>O Supremo Tribunal Federal (STF) decidiu abrir caminho para que parentes de pol\u00edticos possam ocupar cargos de confian\u00e7a, como secret\u00e1rios municipais, estaduais e at\u00e9 ministros de Estado. Por 6 votos a 1, os ministros entenderam que a proibi\u00e7\u00e3o de nepotismo, prevista na S\u00famula Vinculante n\u00ba 13, n\u00e3o se aplica a cargos pol\u00edticos. Entre os que [&hellip;]<\/p>\n","protected":false},"author":2,"featured_media":123865,"comment_status":"closed","ping_status":"open","sticky":false,"template":"","format":"standard","meta":{"footnotes":"","_links_to":"","_links_to_target":""},"categories":[1],"tags":[],"class_list":["post-123858","post","type-post","status-publish","format-standard","has-post-thumbnail","hentry","category-geral"],"views":507,"_links":{"self":[{"href":"https:\/\/www.sudoestehoje.com.br\/novoportal\/wp-json\/wp\/v2\/posts\/123858","targetHints":{"allow":["GET"]}}],"collection":[{"href":"https:\/\/www.sudoestehoje.com.br\/novoportal\/wp-json\/wp\/v2\/posts"}],"about":[{"href":"https:\/\/www.sudoestehoje.com.br\/novoportal\/wp-json\/wp\/v2\/types\/post"}],"author":[{"embeddable":true,"href":"https:\/\/www.sudoestehoje.com.br\/novoportal\/wp-json\/wp\/v2\/users\/2"}],"replies":[{"embeddable":true,"href":"https:\/\/www.sudoestehoje.com.br\/novoportal\/wp-json\/wp\/v2\/comments?post=123858"}],"version-history":[{"count":5,"href":"https:\/\/www.sudoestehoje.com.br\/novoportal\/wp-json\/wp\/v2\/posts\/123858\/revisions"}],"predecessor-version":[{"id":123866,"href":"https:\/\/www.sudoestehoje.com.br\/novoportal\/wp-json\/wp\/v2\/posts\/123858\/revisions\/123866"}],"wp:featuredmedia":[{"embeddable":true,"href":"https:\/\/www.sudoestehoje.com.br\/novoportal\/wp-json\/wp\/v2\/media\/123865"}],"wp:attachment":[{"href":"https:\/\/www.sudoestehoje.com.br\/novoportal\/wp-json\/wp\/v2\/media?parent=123858"}],"wp:term":[{"taxonomy":"category","embeddable":true,"href":"https:\/\/www.sudoestehoje.com.br\/novoportal\/wp-json\/wp\/v2\/categories?post=123858"},{"taxonomy":"post_tag","embeddable":true,"href":"https:\/\/www.sudoestehoje.com.br\/novoportal\/wp-json\/wp\/v2\/tags?post=123858"}],"curies":[{"name":"wp","href":"https:\/\/api.w.org\/{rel}","templated":true}]}}