
{"id":123854,"date":"2025-10-24T08:42:13","date_gmt":"2025-10-24T11:42:13","guid":{"rendered":"https:\/\/www.sudoestehoje.com.br\/novoportal\/?p=123854"},"modified":"2025-10-24T08:42:13","modified_gmt":"2025-10-24T11:42:13","slug":"urgente-vereador-tiquinho-e-empresario-gildasio-queiroz-se-envolvem-em-acidente-com-morte-na-br-101","status":"publish","type":"post","link":"https:\/\/www.sudoestehoje.com.br\/novoportal\/2025\/10\/24\/urgente-vereador-tiquinho-e-empresario-gildasio-queiroz-se-envolvem-em-acidente-com-morte-na-br-101\/","title":{"rendered":"URGENTE! VEREADOR TIQUINHO E EMPRES\u00c1RIO GILDASIO QUEIROZ SE ENVOLVEM EM ACIDENTE COM MORTE NA BR-101"},"content":{"rendered":"<p><img loading=\"lazy\" decoding=\"async\" class=\"alignnone size-full wp-image-123856\" src=\"https:\/\/www.sudoestehoje.com.br\/novoportal\/wp-content\/uploads\/2025\/10\/1450aedd-123e-40b1-80f5-99e942dc7580.jpeg\" alt=\"\" width=\"1101\" height=\"745\" \/><\/p>\n<p><strong>Na noite dessa quinta-feira (23), por volta das 21 horas, o vereador Tiquinho Nogueira e o empres\u00e1rio do ramo \u00f3tico Gild\u00e1sio Queiroz, ambos da cidade de Itapetinga, se envolveram em um grave acidente nas proximidades de Santo Ant\u00f4nio de Jesus, quando seguiam viagem com destino a Salvador.<\/strong><\/p>\n<p><strong><span id=\"more-65689\"><\/span>De acordo com informa\u00e7\u00f5es preliminares, dois ve\u00edculos de passeio, um Ford Ka e um Toyota Corolla, colidiram frontalmente na rodovia. O impacto foi violento e resultou na morte do condutor do Ford Ka, que n\u00e3o resistiu aos ferimentos e faleceu ainda no local.<\/strong><\/p>\n<p><strong>O vereador Tiquinho Nogueira e o empres\u00e1rio Queiroz sofreram apenas escoria\u00e7\u00f5es leves e passam bem. Ambos receberam atendimento m\u00e9dico pelo SAMU e retornaram para Santo Ant\u00f4nio de Jesus, onde permanecem em observa\u00e7\u00e3o.<\/strong><\/p>\n<p><strong>As causas do acidente est\u00e3o sendo apuradas pelas autoridades competentes. \/\/Sudoeste Digital<\/strong><\/p>\n","protected":false},"excerpt":{"rendered":"<p>Na noite dessa quinta-feira (23), por volta das 21 horas, o vereador Tiquinho Nogueira e o empres\u00e1rio do ramo \u00f3tico Gild\u00e1sio Queiroz, ambos da cidade de Itapetinga, se envolveram em um grave acidente nas proximidades de Santo Ant\u00f4nio de Jesus, quando seguiam viagem com destino a Salvador. De acordo com informa\u00e7\u00f5es preliminares, dois ve\u00edculos de [&hellip;]<\/p>\n","protected":false},"author":2,"featured_media":123856,"comment_status":"closed","ping_status":"open","sticky":false,"template":"","format":"standard","meta":{"footnotes":"","_links_to":"","_links_to_target":""},"categories":[1],"tags":[],"class_list":["post-123854","post","type-post","status-publish","format-standard","has-post-thumbnail","hentry","category-geral"],"views":1148,"_links":{"self":[{"href":"https:\/\/www.sudoestehoje.com.br\/novoportal\/wp-json\/wp\/v2\/posts\/123854","targetHints":{"allow":["GET"]}}],"collection":[{"href":"https:\/\/www.sudoestehoje.com.br\/novoportal\/wp-json\/wp\/v2\/posts"}],"about":[{"href":"https:\/\/www.sudoestehoje.com.br\/novoportal\/wp-json\/wp\/v2\/types\/post"}],"author":[{"embeddable":true,"href":"https:\/\/www.sudoestehoje.com.br\/novoportal\/wp-json\/wp\/v2\/users\/2"}],"replies":[{"embeddable":true,"href":"https:\/\/www.sudoestehoje.com.br\/novoportal\/wp-json\/wp\/v2\/comments?post=123854"}],"version-history":[{"count":2,"href":"https:\/\/www.sudoestehoje.com.br\/novoportal\/wp-json\/wp\/v2\/posts\/123854\/revisions"}],"predecessor-version":[{"id":123857,"href":"https:\/\/www.sudoestehoje.com.br\/novoportal\/wp-json\/wp\/v2\/posts\/123854\/revisions\/123857"}],"wp:featuredmedia":[{"embeddable":true,"href":"https:\/\/www.sudoestehoje.com.br\/novoportal\/wp-json\/wp\/v2\/media\/123856"}],"wp:attachment":[{"href":"https:\/\/www.sudoestehoje.com.br\/novoportal\/wp-json\/wp\/v2\/media?parent=123854"}],"wp:term":[{"taxonomy":"category","embeddable":true,"href":"https:\/\/www.sudoestehoje.com.br\/novoportal\/wp-json\/wp\/v2\/categories?post=123854"},{"taxonomy":"post_tag","embeddable":true,"href":"https:\/\/www.sudoestehoje.com.br\/novoportal\/wp-json\/wp\/v2\/tags?post=123854"}],"curies":[{"name":"wp","href":"https:\/\/api.w.org\/{rel}","templated":true}]}}