
{"id":123846,"date":"2025-10-23T17:08:12","date_gmt":"2025-10-23T20:08:12","guid":{"rendered":"https:\/\/www.sudoestehoje.com.br\/novoportal\/?p=123846"},"modified":"2025-10-23T17:21:57","modified_gmt":"2025-10-23T20:21:57","slug":"seis-casos-de-doenca-de-chagas-sao-confirmados-na-bahia-por-ingestao-de-caldo-de-cana","status":"publish","type":"post","link":"https:\/\/www.sudoestehoje.com.br\/novoportal\/2025\/10\/23\/seis-casos-de-doenca-de-chagas-sao-confirmados-na-bahia-por-ingestao-de-caldo-de-cana\/","title":{"rendered":"SEIS CASOS DE DOEN\u00c7A DE CHAGAS S\u00c3O CONFIRMADOS NA BAHIA POR INGEST\u00c3O DE CALDO DE CANA"},"content":{"rendered":"<p><img loading=\"lazy\" decoding=\"async\" class=\"alignnone size-full wp-image-123852\" src=\"https:\/\/www.sudoestehoje.com.br\/novoportal\/wp-content\/uploads\/2025\/10\/Imagem-do-WhatsApp-de-2025-10-23-as-17.19.58_8d558e6a.jpg\" alt=\"\" width=\"556\" height=\"325\" \/><\/p>\n<p><strong>Seis casos de doen\u00e7a de Chagas foram confirmados no munic\u00edpio de Ibitit\u00e1, no interior da Bahia, segundo informa\u00e7\u00f5es divulgadas pela Secretaria de Sa\u00fade do Estado (Sesab) nesta semana. A suspeita inicial foi registrada em setembro, e as investiga\u00e7\u00f5es apontam como poss\u00edvel fonte de infec\u00e7\u00e3o o consumo de caldo de cana de produ\u00e7\u00e3o caseira.<\/strong><\/p>\n<p><strong>De acordo com a Diretoria de Vigil\u00e2ncia Epidemiol\u00f3gica (Divep), os pacientes s\u00e3o tr\u00eas homens e tr\u00eas mulheres, com idades entre 30 e 57 anos. Todos apresentaram sintomas caracter\u00edsticos da fase aguda da doen\u00e7a, como febre, incha\u00e7o no rosto e nas pernas, inapet\u00eancia, tosse seca, dor de cabe\u00e7a, manchas na pele e taquicardia.<\/strong><\/p>\n<p><strong>Um dos pacientes precisou ser internado, mas sem gravidade. Os outros cinco apresentaram altera\u00e7\u00f5es eletrocardiogr\u00e1ficas sem repercuss\u00e3o cl\u00ednica significativa. Todos receberam acompanhamento m\u00e9dico e tratamento espec\u00edfico, e seguem sendo monitorados pela Sesab.<\/strong><\/p>\n<p><strong>Em nota, a secretaria refor\u00e7ou a necessidade de aten\u00e7\u00e3o dos profissionais de sa\u00fade para o diagn\u00f3stico precoce.<\/strong><\/p>\n<p><strong>\u201cRefor\u00e7a-se a import\u00e2ncia da suspei\u00e7\u00e3o cl\u00ednica para Doen\u00e7a de Chagas no territ\u00f3rio baiano (\u2026), tornando fundamental a avalia\u00e7\u00e3o cl\u00ednica detalhada para o diagn\u00f3stico e tratamento oportunos\u201d, diz o comunicado.<\/strong><\/p>\n<p><strong>A doen\u00e7a de Chagas \u00e9 causada pelo protozo\u00e1rio Trypanosoma cruzi e pode se manifestar em duas fases: aguda, que pode ser sintom\u00e1tica ou n\u00e3o, e cr\u00f4nica, com formas card\u00edaca, digestiva ou mista.<\/strong><\/p>\n","protected":false},"excerpt":{"rendered":"<p>Seis casos de doen\u00e7a de Chagas foram confirmados no munic\u00edpio de Ibitit\u00e1, no interior da Bahia, segundo informa\u00e7\u00f5es divulgadas pela Secretaria de Sa\u00fade do Estado (Sesab) nesta semana. A suspeita inicial foi registrada em setembro, e as investiga\u00e7\u00f5es apontam como poss\u00edvel fonte de infec\u00e7\u00e3o o consumo de caldo de cana de produ\u00e7\u00e3o caseira. De acordo [&hellip;]<\/p>\n","protected":false},"author":2,"featured_media":123852,"comment_status":"closed","ping_status":"open","sticky":false,"template":"","format":"standard","meta":{"footnotes":"","_links_to":"","_links_to_target":""},"categories":[1],"tags":[],"class_list":["post-123846","post","type-post","status-publish","format-standard","has-post-thumbnail","hentry","category-geral"],"views":799,"_links":{"self":[{"href":"https:\/\/www.sudoestehoje.com.br\/novoportal\/wp-json\/wp\/v2\/posts\/123846","targetHints":{"allow":["GET"]}}],"collection":[{"href":"https:\/\/www.sudoestehoje.com.br\/novoportal\/wp-json\/wp\/v2\/posts"}],"about":[{"href":"https:\/\/www.sudoestehoje.com.br\/novoportal\/wp-json\/wp\/v2\/types\/post"}],"author":[{"embeddable":true,"href":"https:\/\/www.sudoestehoje.com.br\/novoportal\/wp-json\/wp\/v2\/users\/2"}],"replies":[{"embeddable":true,"href":"https:\/\/www.sudoestehoje.com.br\/novoportal\/wp-json\/wp\/v2\/comments?post=123846"}],"version-history":[{"count":5,"href":"https:\/\/www.sudoestehoje.com.br\/novoportal\/wp-json\/wp\/v2\/posts\/123846\/revisions"}],"predecessor-version":[{"id":123853,"href":"https:\/\/www.sudoestehoje.com.br\/novoportal\/wp-json\/wp\/v2\/posts\/123846\/revisions\/123853"}],"wp:featuredmedia":[{"embeddable":true,"href":"https:\/\/www.sudoestehoje.com.br\/novoportal\/wp-json\/wp\/v2\/media\/123852"}],"wp:attachment":[{"href":"https:\/\/www.sudoestehoje.com.br\/novoportal\/wp-json\/wp\/v2\/media?parent=123846"}],"wp:term":[{"taxonomy":"category","embeddable":true,"href":"https:\/\/www.sudoestehoje.com.br\/novoportal\/wp-json\/wp\/v2\/categories?post=123846"},{"taxonomy":"post_tag","embeddable":true,"href":"https:\/\/www.sudoestehoje.com.br\/novoportal\/wp-json\/wp\/v2\/tags?post=123846"}],"curies":[{"name":"wp","href":"https:\/\/api.w.org\/{rel}","templated":true}]}}