
{"id":123841,"date":"2025-10-23T16:56:41","date_gmt":"2025-10-23T19:56:41","guid":{"rendered":"https:\/\/www.sudoestehoje.com.br\/novoportal\/?p=123841"},"modified":"2025-10-23T16:56:41","modified_gmt":"2025-10-23T19:56:41","slug":"ex-prefeito-de-pocoes-e-preso-em-operacao-que-apura-desvios-de-verbas-publicas","status":"publish","type":"post","link":"https:\/\/www.sudoestehoje.com.br\/novoportal\/2025\/10\/23\/ex-prefeito-de-pocoes-e-preso-em-operacao-que-apura-desvios-de-verbas-publicas\/","title":{"rendered":"EX-PREFEITO DE PO\u00c7\u00d5ES \u00c9 PRESO EM OPERA\u00c7\u00c3O QUE APURA DESVIOS DE VERBAS P\u00daBLICAS"},"content":{"rendered":"<p><img loading=\"lazy\" decoding=\"async\" class=\"alignnone size-full wp-image-123843\" src=\"https:\/\/www.sudoestehoje.com.br\/novoportal\/wp-content\/uploads\/2025\/10\/otto-wagner-operacao_widemd.jpg\" alt=\"\" width=\"551\" height=\"309\" \/><\/p>\n<p id=\"isPasted\"><strong>O ex-prefeito de\u00a0<b>Po\u00e7\u00f5es<\/b>, Otto Wagner Magalh\u00e3es, foi preso em flagrante por porte ilegal de arma de fogo na manh\u00e3 desta quinta-feira (23),\u00a0<\/strong><strong>durante uma opera\u00e7\u00e3o da Pol\u00edcia Federal (PF) e Controladoria Geral da Uni\u00e3o (CGU).<\/strong><strong>\u00a0A a\u00e7\u00e3o investiga um esquema de desvio e lavagem de dinheiro envolvendo recursos federais repassados \u00e0 prefeitura do munic\u00edpio.<\/strong><\/p>\n<p><strong>Otto Wagner \u00e9 marido da atual prefeita de Po\u00e7\u00f5es, Dona Nilda (PCdoB), que tamb\u00e9m \u00e9 alvo da investiga\u00e7\u00e3o. Segundo a PF, o preju\u00edzo causado aos cofres p\u00fablicos ultrapassa R$ 12 milh\u00f5es. As suspeitas apontam que os crimes ocorreram entre 2021 e 2023, per\u00edodo em que Otto Wagner ocupava o cargo de chefe de gabinete da prefeitura. Ele j\u00e1 havia sido prefeito de Po\u00e7\u00f5es entre 2013 e 2016.<\/strong><\/p>\n<p><strong>Em agosto deste ano,\u00a0<\/strong><strong>o ex-gestor foi condenado pela Justi\u00e7a por improbidade administrativa.<\/strong><strong>\u00a0A senten\u00e7a determinou o ressarcimento de R$ 2,8 milh\u00f5es ao munic\u00edpio, al\u00e9m do pagamento de multa equivalente, perda de fun\u00e7\u00e3o p\u00fablica, suspens\u00e3o dos direitos pol\u00edticos e proibi\u00e7\u00e3o de contratar com o poder p\u00fablico por oito anos.<\/strong><\/p>\n<p><strong>Conforme o Minist\u00e9rio P\u00fablico da\u00a0<b>Bahia<\/b>\u00a0(MP-BA), a condena\u00e7\u00e3o anterior est\u00e1 relacionada \u00e0 autoriza\u00e7\u00e3o irregular de pagamentos durante a gest\u00e3o dele como prefeito. As investiga\u00e7\u00f5es apontaram ao menos 196 repasses indevidos sob a rubrica \u201cadicional informado\u201d, feitos sem autoriza\u00e7\u00e3o da C\u00e2mara de Vereadores e em desacordo com a legisla\u00e7\u00e3o vigente.<\/strong><\/p>\n","protected":false},"excerpt":{"rendered":"<p>O ex-prefeito de\u00a0Po\u00e7\u00f5es, Otto Wagner Magalh\u00e3es, foi preso em flagrante por porte ilegal de arma de fogo na manh\u00e3 desta quinta-feira (23),\u00a0durante uma opera\u00e7\u00e3o da Pol\u00edcia Federal (PF) e Controladoria Geral da Uni\u00e3o (CGU).\u00a0A a\u00e7\u00e3o investiga um esquema de desvio e lavagem de dinheiro envolvendo recursos federais repassados \u00e0 prefeitura do munic\u00edpio. Otto Wagner \u00e9 [&hellip;]<\/p>\n","protected":false},"author":2,"featured_media":123843,"comment_status":"closed","ping_status":"open","sticky":false,"template":"","format":"standard","meta":{"footnotes":"","_links_to":"","_links_to_target":""},"categories":[1],"tags":[],"class_list":["post-123841","post","type-post","status-publish","format-standard","has-post-thumbnail","hentry","category-geral"],"views":696,"_links":{"self":[{"href":"https:\/\/www.sudoestehoje.com.br\/novoportal\/wp-json\/wp\/v2\/posts\/123841","targetHints":{"allow":["GET"]}}],"collection":[{"href":"https:\/\/www.sudoestehoje.com.br\/novoportal\/wp-json\/wp\/v2\/posts"}],"about":[{"href":"https:\/\/www.sudoestehoje.com.br\/novoportal\/wp-json\/wp\/v2\/types\/post"}],"author":[{"embeddable":true,"href":"https:\/\/www.sudoestehoje.com.br\/novoportal\/wp-json\/wp\/v2\/users\/2"}],"replies":[{"embeddable":true,"href":"https:\/\/www.sudoestehoje.com.br\/novoportal\/wp-json\/wp\/v2\/comments?post=123841"}],"version-history":[{"count":3,"href":"https:\/\/www.sudoestehoje.com.br\/novoportal\/wp-json\/wp\/v2\/posts\/123841\/revisions"}],"predecessor-version":[{"id":123845,"href":"https:\/\/www.sudoestehoje.com.br\/novoportal\/wp-json\/wp\/v2\/posts\/123841\/revisions\/123845"}],"wp:featuredmedia":[{"embeddable":true,"href":"https:\/\/www.sudoestehoje.com.br\/novoportal\/wp-json\/wp\/v2\/media\/123843"}],"wp:attachment":[{"href":"https:\/\/www.sudoestehoje.com.br\/novoportal\/wp-json\/wp\/v2\/media?parent=123841"}],"wp:term":[{"taxonomy":"category","embeddable":true,"href":"https:\/\/www.sudoestehoje.com.br\/novoportal\/wp-json\/wp\/v2\/categories?post=123841"},{"taxonomy":"post_tag","embeddable":true,"href":"https:\/\/www.sudoestehoje.com.br\/novoportal\/wp-json\/wp\/v2\/tags?post=123841"}],"curies":[{"name":"wp","href":"https:\/\/api.w.org\/{rel}","templated":true}]}}