
{"id":123830,"date":"2025-10-22T18:02:38","date_gmt":"2025-10-22T21:02:38","guid":{"rendered":"https:\/\/www.sudoestehoje.com.br\/novoportal\/?p=123830"},"modified":"2025-10-22T18:16:14","modified_gmt":"2025-10-22T21:16:14","slug":"itapetinga-vereador-neto-ferraz-assume-presidencia-da-camara-municipal","status":"publish","type":"post","link":"https:\/\/www.sudoestehoje.com.br\/novoportal\/2025\/10\/22\/itapetinga-vereador-neto-ferraz-assume-presidencia-da-camara-municipal\/","title":{"rendered":"ITAPETINGA | VEREADOR NETO FERRAZ ASSUME PRESID\u00caNCIA DA C\u00c2MARA MUNICIPAL"},"content":{"rendered":"<p><img loading=\"lazy\" decoding=\"async\" class=\"alignnone size-full wp-image-123831\" src=\"https:\/\/www.sudoestehoje.com.br\/novoportal\/wp-content\/uploads\/2025\/10\/Imagem-do-WhatsApp-de-2025-10-22-as-17.36.59_eb82fe67.jpg\" alt=\"\" width=\"877\" height=\"604\" \/><\/p>\n<p><strong>Durante a sess\u00e3o ordin\u00e1ria desta quarta-feira (22), o vereador Luciano Almeida (MDB) licenciou-se do mandato e da presid\u00eancia da C\u00e2mara para assumir o cargo de Secret\u00e1rio Municipal de Infraestrutura.<\/strong><\/p>\n<p><strong>Com o afastamento, o vereador Neto Ferraz (PDT), vice-presidente, passa a responder interinamente pela presid\u00eancia da C\u00e2mara Municipal de Itapetinga.<\/strong><\/p>\n<p><strong>Neto Ferraz assumiu o cargo reafirmando seu compromisso com a transpar\u00eancia, a harmonia e o trabalho em prol do povo de Itapetinga.<\/strong><\/p>\n<p><strong>Esta \u00e9 a segunda vez que o vereador Luciano se afasta do mandato eletivo para assumir cargo na prefeitura.<\/strong><\/p>\n<p><strong>A vaga de vereador ser\u00e1 ocupada pelo Pastor Evandro, 1\u00ba suplente do MDB<\/strong>.<\/p>\n<p><strong>Com informa\u00e7\u00f5es da Ascom\/C\u00e2mara<\/strong><\/p>\n","protected":false},"excerpt":{"rendered":"<p>Durante a sess\u00e3o ordin\u00e1ria desta quarta-feira (22), o vereador Luciano Almeida (MDB) licenciou-se do mandato e da presid\u00eancia da C\u00e2mara para assumir o cargo de Secret\u00e1rio Municipal de Infraestrutura. Com o afastamento, o vereador Neto Ferraz (PDT), vice-presidente, passa a responder interinamente pela presid\u00eancia da C\u00e2mara Municipal de Itapetinga. Neto Ferraz assumiu o cargo reafirmando [&hellip;]<\/p>\n","protected":false},"author":2,"featured_media":123831,"comment_status":"closed","ping_status":"open","sticky":false,"template":"","format":"standard","meta":{"footnotes":"","_links_to":"","_links_to_target":""},"categories":[1],"tags":[],"class_list":["post-123830","post","type-post","status-publish","format-standard","has-post-thumbnail","hentry","category-geral"],"views":439,"_links":{"self":[{"href":"https:\/\/www.sudoestehoje.com.br\/novoportal\/wp-json\/wp\/v2\/posts\/123830","targetHints":{"allow":["GET"]}}],"collection":[{"href":"https:\/\/www.sudoestehoje.com.br\/novoportal\/wp-json\/wp\/v2\/posts"}],"about":[{"href":"https:\/\/www.sudoestehoje.com.br\/novoportal\/wp-json\/wp\/v2\/types\/post"}],"author":[{"embeddable":true,"href":"https:\/\/www.sudoestehoje.com.br\/novoportal\/wp-json\/wp\/v2\/users\/2"}],"replies":[{"embeddable":true,"href":"https:\/\/www.sudoestehoje.com.br\/novoportal\/wp-json\/wp\/v2\/comments?post=123830"}],"version-history":[{"count":3,"href":"https:\/\/www.sudoestehoje.com.br\/novoportal\/wp-json\/wp\/v2\/posts\/123830\/revisions"}],"predecessor-version":[{"id":123834,"href":"https:\/\/www.sudoestehoje.com.br\/novoportal\/wp-json\/wp\/v2\/posts\/123830\/revisions\/123834"}],"wp:featuredmedia":[{"embeddable":true,"href":"https:\/\/www.sudoestehoje.com.br\/novoportal\/wp-json\/wp\/v2\/media\/123831"}],"wp:attachment":[{"href":"https:\/\/www.sudoestehoje.com.br\/novoportal\/wp-json\/wp\/v2\/media?parent=123830"}],"wp:term":[{"taxonomy":"category","embeddable":true,"href":"https:\/\/www.sudoestehoje.com.br\/novoportal\/wp-json\/wp\/v2\/categories?post=123830"},{"taxonomy":"post_tag","embeddable":true,"href":"https:\/\/www.sudoestehoje.com.br\/novoportal\/wp-json\/wp\/v2\/tags?post=123830"}],"curies":[{"name":"wp","href":"https:\/\/api.w.org\/{rel}","templated":true}]}}