
{"id":123820,"date":"2025-10-21T18:53:56","date_gmt":"2025-10-21T21:53:56","guid":{"rendered":"https:\/\/www.sudoestehoje.com.br\/novoportal\/?p=123820"},"modified":"2025-10-21T18:53:56","modified_gmt":"2025-10-21T21:53:56","slug":"governo-antecipa-feriado-do-servidor-publico-estadual-para-o-dia-27","status":"publish","type":"post","link":"https:\/\/www.sudoestehoje.com.br\/novoportal\/2025\/10\/21\/governo-antecipa-feriado-do-servidor-publico-estadual-para-o-dia-27\/","title":{"rendered":"GOVERNO ANTECIPA FERIADO DO SERVIDOR P\u00daBLICO ESTADUAL PARA O DIA 27"},"content":{"rendered":"<p><img loading=\"lazy\" decoding=\"async\" class=\"alignnone size-full wp-image-123821\" src=\"https:\/\/www.sudoestehoje.com.br\/novoportal\/wp-content\/uploads\/2025\/10\/servidorj-1280x640-1.jpg\" alt=\"\" width=\"1280\" height=\"640\" \/><\/p>\n<p><strong>Comemorado oficialmente no dia 28 de outubro, o Dia do Servidor P\u00fablico Estadual deste ano ser\u00e1 antecipado para a pr\u00f3xima segunda-feira (27), conforme anunciou o Governo da Bahia. O objetivo da medida \u00e9 emendar o dia extra de descanso ao final de semana.<\/strong><\/p>\n<p><strong>SAL\u00c1RIOS ANTECIPADOS<\/strong><\/p>\n<p><strong>A gest\u00e3o estadual tamb\u00e9m anunciou o pagamento antecipado do sal\u00e1rio deste m\u00eas.\u00a0No caso dos trabalhadores que recebem a remunera\u00e7\u00e3o por meio de conta corrente do Banco do Brasil, as quantias estar\u00e3o dispon\u00edveis a partir do s\u00e1bado (25). Os servidores que fizeram portabilidade e recebem por outros bancos ter\u00e3o os pagamentos disponibilizados na segunda-feira (27).<\/strong><\/p>\n<p><strong>Pela tabela oficial, os recursos seriam liberados originalmente apenas no dia 30 de outubro, para inativos e pensionistas, e no dia 31, para servidores ativos.<\/strong><\/p>\n","protected":false},"excerpt":{"rendered":"<p>Comemorado oficialmente no dia 28 de outubro, o Dia do Servidor P\u00fablico Estadual deste ano ser\u00e1 antecipado para a pr\u00f3xima segunda-feira (27), conforme anunciou o Governo da Bahia. O objetivo da medida \u00e9 emendar o dia extra de descanso ao final de semana. SAL\u00c1RIOS ANTECIPADOS A gest\u00e3o estadual tamb\u00e9m anunciou o pagamento antecipado do sal\u00e1rio [&hellip;]<\/p>\n","protected":false},"author":2,"featured_media":123821,"comment_status":"closed","ping_status":"open","sticky":false,"template":"","format":"standard","meta":{"footnotes":"","_links_to":"","_links_to_target":""},"categories":[1],"tags":[],"class_list":["post-123820","post","type-post","status-publish","format-standard","has-post-thumbnail","hentry","category-geral"],"views":409,"_links":{"self":[{"href":"https:\/\/www.sudoestehoje.com.br\/novoportal\/wp-json\/wp\/v2\/posts\/123820","targetHints":{"allow":["GET"]}}],"collection":[{"href":"https:\/\/www.sudoestehoje.com.br\/novoportal\/wp-json\/wp\/v2\/posts"}],"about":[{"href":"https:\/\/www.sudoestehoje.com.br\/novoportal\/wp-json\/wp\/v2\/types\/post"}],"author":[{"embeddable":true,"href":"https:\/\/www.sudoestehoje.com.br\/novoportal\/wp-json\/wp\/v2\/users\/2"}],"replies":[{"embeddable":true,"href":"https:\/\/www.sudoestehoje.com.br\/novoportal\/wp-json\/wp\/v2\/comments?post=123820"}],"version-history":[{"count":1,"href":"https:\/\/www.sudoestehoje.com.br\/novoportal\/wp-json\/wp\/v2\/posts\/123820\/revisions"}],"predecessor-version":[{"id":123822,"href":"https:\/\/www.sudoestehoje.com.br\/novoportal\/wp-json\/wp\/v2\/posts\/123820\/revisions\/123822"}],"wp:featuredmedia":[{"embeddable":true,"href":"https:\/\/www.sudoestehoje.com.br\/novoportal\/wp-json\/wp\/v2\/media\/123821"}],"wp:attachment":[{"href":"https:\/\/www.sudoestehoje.com.br\/novoportal\/wp-json\/wp\/v2\/media?parent=123820"}],"wp:term":[{"taxonomy":"category","embeddable":true,"href":"https:\/\/www.sudoestehoje.com.br\/novoportal\/wp-json\/wp\/v2\/categories?post=123820"},{"taxonomy":"post_tag","embeddable":true,"href":"https:\/\/www.sudoestehoje.com.br\/novoportal\/wp-json\/wp\/v2\/tags?post=123820"}],"curies":[{"name":"wp","href":"https:\/\/api.w.org\/{rel}","templated":true}]}}