
{"id":12382,"date":"2012-01-26T13:06:36","date_gmt":"2012-01-26T16:06:36","guid":{"rendered":"http:\/\/www.sudoestehoje.com.br\/novoportal\/?p=12382"},"modified":"2012-01-26T13:15:53","modified_gmt":"2012-01-26T16:15:53","slug":"o-imbroglio-da-azaleia","status":"publish","type":"post","link":"https:\/\/www.sudoestehoje.com.br\/novoportal\/2012\/01\/26\/o-imbroglio-da-azaleia\/","title":{"rendered":"O IMBR\u00d3GLIO AZAL\u00c9IA"},"content":{"rendered":"<p><img loading=\"lazy\" decoding=\"async\" class=\"aligncenter\" src=\"http:\/\/www.noticiaki.com\/wp-content\/uploads\/2011\/02\/logoCalcadosAzaleia-500x229.png\" alt=\"\" width=\"500\" height=\"229\" \/><\/p>\n<p>&nbsp;<\/p>\n<p>ITAPETINGA: Acabamos de receber este coment\u00e1rio encaminhado por um suposto &#8220;Representante da Vulcabras\/Azaleia&#8221;, que n\u00e3o quis se identificar. Leiam e tirem as suas conclus\u00f5es:<\/p>\n<p><em>&#8220;Considerando as diversas especula\u00e7\u00f5es na cidade, comunicamos e confirmamos a todos que \u00e9 nossa inten\u00e7\u00e3o continuar atuando na Bahia, especialmente aqui na Matriz de Itapetinga, que consideramos estrat\u00e9gica para os nossos trabalhos.<\/em><\/p>\n<p><em>Quanto \u00e0s nossas Filiais elas ser\u00e3o mantidas funcionando normalmente desde que suas produ\u00e7\u00f5es justifiquem a continuidade delas em cada munic\u00edpio e dependendo tamb\u00e9m da manuten\u00e7\u00e3o das rodovias em bom estado uma vez que por elas transitam nossos caminh\u00f5es, mat\u00e9rias primas e produtos.<\/em><\/p>\n<p><em>Havendo necessidade de fechar qualquer filial, os respectivos trabalhadores ser\u00e3o convidados a se deslocarem para a nossa Matriz de Itapetinga, uma vez que a nossa produ\u00e7\u00e3o geral ser\u00e1 sempre crescente.<\/em><\/p>\n<p><em>Esclarecemos que nossa preten\u00e7\u00e3o \u00e9 de crescimento. A abertura de novas unidades, em outros estados do Brasil e em outros pa\u00edses n\u00e3o implica na necessidade de fecharmos nossa Matriz em Itapetinga.<\/em><\/p>\n<p><em>Todavia, se ao governo de Itapetinga e da Bahia n\u00e3o interessam a nossa perman\u00eancia aqui, n\u00e3o teremos alternativas sen\u00e3o aceitar convites de outros Estados do Brasil que nos assediam sistematicamente uma vez que, \u00e9 de amplo conhecimento deles, o governo da Bahia e de Itapetinga n\u00e3o est\u00e3o se importando com as fam\u00edlias que poder\u00e3o perder seus empregos em nossa Ind\u00fastria.<\/em><\/p>\n<p><em>Uma coisa \u00e9 certa, os \u00f3timos funcion\u00e1rios e colaboradores juntamente com algumas poucas empresas terceirizadas com as quais mantemos boas parcerias profissionais, todos eles, ser\u00e3o convidados a permanecerem conosco onde quer que venhamos a nos instalar futuramente, se formos for\u00e7ados a sair.<\/em><\/p>\n<p><em>Esperamos que esses esclarecimentos sejam suficientes uma vez que al\u00e9m da nossa necessidade de gerar lucros como grande empresa privada, a parceria institucional com os governos municipal, estadual e federal s\u00e3o indispens\u00e1veis.<\/em><\/p>\n<p><em>Al\u00e9m do lucro que toda empresa privada normalmente busca alacan\u00e7ar, proporcionamos tamb\u00e9m a gera\u00e7\u00e3o de milhares de empregos e ajudamos a melhorar a qualidade de vida das fam\u00edlias e o crescimento da economia e desenvolvimento dos munic\u00edpios da microrregi\u00e3o.<\/em><\/p>\n<p><em>Sabemos que o Governo Federal tem interesse na nossa perman\u00eancia aqui, por\u00e9m n\u00e3o se importar\u00e1 se nos mudemos para outra Cidade ou para outro Estado, desde que n\u00e3o saiamos do BRASIL.<\/em><\/p>\n<p><em>Finalizando, continuamos o nosso trabalho com o pensamento em nossa perman\u00eancia em Itapetinga e microrregi\u00e3o, A N\u00c3O SER QUE OS GOVERNOS LOCAL E ESTADUAL N\u00c3O TENHAM MAIS INTERESSE NA NOSSA PERMAN\u00caNCIA. Representante da Vulcabr\u00e1s\/Azal\u00e9ia&#8221;.<\/em><\/p>\n<p>Caso a Vulcabras\/Azaleia queira se manifestar oficialmente, nosso site se coloca \u00e0 disposi\u00e7\u00e3o para divulgar.<\/p>\n<p><em><strong>Da Reda\u00e7\u00e3o<\/strong><\/em><\/p>\n<p>&nbsp;<\/p>\n","protected":false},"excerpt":{"rendered":"<p>&nbsp; ITAPETINGA: Acabamos de receber este coment\u00e1rio encaminhado por um suposto &#8220;Representante da Vulcabras\/Azaleia&#8221;, que n\u00e3o quis se identificar. Leiam e tirem as suas conclus\u00f5es: &#8220;Considerando as diversas especula\u00e7\u00f5es na cidade, comunicamos e confirmamos a todos que \u00e9 nossa inten\u00e7\u00e3o continuar atuando na Bahia, especialmente aqui na Matriz de Itapetinga, que consideramos estrat\u00e9gica para os [&hellip;]<\/p>\n","protected":false},"author":2,"featured_media":0,"comment_status":"open","ping_status":"open","sticky":false,"template":"","format":"standard","meta":{"footnotes":"","_links_to":"","_links_to_target":""},"categories":[1],"tags":[],"class_list":["post-12382","post","type-post","status-publish","format-standard","hentry","category-geral"],"views":1327,"_links":{"self":[{"href":"https:\/\/www.sudoestehoje.com.br\/novoportal\/wp-json\/wp\/v2\/posts\/12382","targetHints":{"allow":["GET"]}}],"collection":[{"href":"https:\/\/www.sudoestehoje.com.br\/novoportal\/wp-json\/wp\/v2\/posts"}],"about":[{"href":"https:\/\/www.sudoestehoje.com.br\/novoportal\/wp-json\/wp\/v2\/types\/post"}],"author":[{"embeddable":true,"href":"https:\/\/www.sudoestehoje.com.br\/novoportal\/wp-json\/wp\/v2\/users\/2"}],"replies":[{"embeddable":true,"href":"https:\/\/www.sudoestehoje.com.br\/novoportal\/wp-json\/wp\/v2\/comments?post=12382"}],"version-history":[{"count":6,"href":"https:\/\/www.sudoestehoje.com.br\/novoportal\/wp-json\/wp\/v2\/posts\/12382\/revisions"}],"predecessor-version":[{"id":12388,"href":"https:\/\/www.sudoestehoje.com.br\/novoportal\/wp-json\/wp\/v2\/posts\/12382\/revisions\/12388"}],"wp:attachment":[{"href":"https:\/\/www.sudoestehoje.com.br\/novoportal\/wp-json\/wp\/v2\/media?parent=12382"}],"wp:term":[{"taxonomy":"category","embeddable":true,"href":"https:\/\/www.sudoestehoje.com.br\/novoportal\/wp-json\/wp\/v2\/categories?post=12382"},{"taxonomy":"post_tag","embeddable":true,"href":"https:\/\/www.sudoestehoje.com.br\/novoportal\/wp-json\/wp\/v2\/tags?post=12382"}],"curies":[{"name":"wp","href":"https:\/\/api.w.org\/{rel}","templated":true}]}}