
{"id":123812,"date":"2025-10-20T12:37:00","date_gmt":"2025-10-20T15:37:00","guid":{"rendered":"https:\/\/www.sudoestehoje.com.br\/novoportal\/?p=123812"},"modified":"2025-10-20T12:54:39","modified_gmt":"2025-10-20T15:54:39","slug":"queda-de-arvore-danifica-parte-do-telhado-da-biblioteca-municipal-de-itapetinga","status":"publish","type":"post","link":"https:\/\/www.sudoestehoje.com.br\/novoportal\/2025\/10\/20\/queda-de-arvore-danifica-parte-do-telhado-da-biblioteca-municipal-de-itapetinga\/","title":{"rendered":"QUEDA DE \u00c1RVORE DANIFICA PARTE DO TELHADO DA BIBLIOTECA MUNICIPAL DE ITAPETINGA"},"content":{"rendered":"<p><img loading=\"lazy\" decoding=\"async\" class=\"alignnone size-full wp-image-123815\" src=\"https:\/\/www.sudoestehoje.com.br\/novoportal\/wp-content\/uploads\/2025\/10\/Imagem-do-WhatsApp-de-2025-10-20-as-12.32.04_2e9a9c06.jpg\" alt=\"\" width=\"1200\" height=\"1024\" \/><\/p>\n<p><strong>Com as chuvas fortes que ca\u00edram na madrugada desta segunda-feira (20), uma \u00e1rvore localizada na Pra\u00e7a Guilherme Dias (Concha), em Itapetinga, acabou caindo e danificando parte do telhado da Biblioteca Municipal de Itapetinga.<\/strong><\/p>\n<p><strong>Logo pela manh\u00e3, equipes das secretarias de Meio Ambiente e Educa\u00e7\u00e3o come\u00e7aram a agir, isolando o local e realizando os servi\u00e7os emergenciais necess\u00e1rios para recupera\u00e7\u00e3o dos danos causados ao pr\u00e9dio p\u00fablico.<\/strong><\/p>\n<p><strong>O Departamento de Cultura, emitiu Nota de Esclarecimento comunicando a suspens\u00e3o das atividades da biblioteca, at\u00e9 que os servi\u00e7os de recupera\u00e7\u00e3o do telhado sejam conclu\u00eddos.<\/strong><\/p>\n<p><strong>Reda\u00e7\u00e3o SH<\/strong><\/p>\n","protected":false},"excerpt":{"rendered":"<p>Com as chuvas fortes que ca\u00edram na madrugada desta segunda-feira (20), uma \u00e1rvore localizada na Pra\u00e7a Guilherme Dias (Concha), em Itapetinga, acabou caindo e danificando parte do telhado da Biblioteca Municipal de Itapetinga. Logo pela manh\u00e3, equipes das secretarias de Meio Ambiente e Educa\u00e7\u00e3o come\u00e7aram a agir, isolando o local e realizando os servi\u00e7os emergenciais [&hellip;]<\/p>\n","protected":false},"author":2,"featured_media":123815,"comment_status":"closed","ping_status":"open","sticky":false,"template":"","format":"standard","meta":{"footnotes":"","_links_to":"","_links_to_target":""},"categories":[1],"tags":[],"class_list":["post-123812","post","type-post","status-publish","format-standard","has-post-thumbnail","hentry","category-geral"],"views":752,"_links":{"self":[{"href":"https:\/\/www.sudoestehoje.com.br\/novoportal\/wp-json\/wp\/v2\/posts\/123812","targetHints":{"allow":["GET"]}}],"collection":[{"href":"https:\/\/www.sudoestehoje.com.br\/novoportal\/wp-json\/wp\/v2\/posts"}],"about":[{"href":"https:\/\/www.sudoestehoje.com.br\/novoportal\/wp-json\/wp\/v2\/types\/post"}],"author":[{"embeddable":true,"href":"https:\/\/www.sudoestehoje.com.br\/novoportal\/wp-json\/wp\/v2\/users\/2"}],"replies":[{"embeddable":true,"href":"https:\/\/www.sudoestehoje.com.br\/novoportal\/wp-json\/wp\/v2\/comments?post=123812"}],"version-history":[{"count":5,"href":"https:\/\/www.sudoestehoje.com.br\/novoportal\/wp-json\/wp\/v2\/posts\/123812\/revisions"}],"predecessor-version":[{"id":123818,"href":"https:\/\/www.sudoestehoje.com.br\/novoportal\/wp-json\/wp\/v2\/posts\/123812\/revisions\/123818"}],"wp:featuredmedia":[{"embeddable":true,"href":"https:\/\/www.sudoestehoje.com.br\/novoportal\/wp-json\/wp\/v2\/media\/123815"}],"wp:attachment":[{"href":"https:\/\/www.sudoestehoje.com.br\/novoportal\/wp-json\/wp\/v2\/media?parent=123812"}],"wp:term":[{"taxonomy":"category","embeddable":true,"href":"https:\/\/www.sudoestehoje.com.br\/novoportal\/wp-json\/wp\/v2\/categories?post=123812"},{"taxonomy":"post_tag","embeddable":true,"href":"https:\/\/www.sudoestehoje.com.br\/novoportal\/wp-json\/wp\/v2\/tags?post=123812"}],"curies":[{"name":"wp","href":"https:\/\/api.w.org\/{rel}","templated":true}]}}