
{"id":123805,"date":"2025-10-20T11:24:49","date_gmt":"2025-10-20T14:24:49","guid":{"rendered":"https:\/\/www.sudoestehoje.com.br\/novoportal\/?p=123805"},"modified":"2025-10-20T13:01:32","modified_gmt":"2025-10-20T16:01:32","slug":"volta-a-chover-em-itapetinga-apos-longo-periodo-de-estiagem-na-regiao","status":"publish","type":"post","link":"https:\/\/www.sudoestehoje.com.br\/novoportal\/2025\/10\/20\/volta-a-chover-em-itapetinga-apos-longo-periodo-de-estiagem-na-regiao\/","title":{"rendered":"VOLTA A CHOVER EM ITAPETINGA AP\u00d3S LONGO PER\u00cdODO DE ESTIAGEM NA REGI\u00c3O"},"content":{"rendered":"<p><img loading=\"lazy\" decoding=\"async\" class=\"alignnone wp-image-123806\" src=\"https:\/\/www.sudoestehoje.com.br\/novoportal\/wp-content\/uploads\/2025\/10\/alaga-6-700x364-1-500x260-1.jpeg\" alt=\"\" width=\"560\" height=\"291\" \/><\/p>\n<p><strong>A chuva voltou a cair na Capital da Pecu\u00e1ria Baiana, depois de um prolongado per\u00edodo de estiagem, confirmando as previs\u00f5es dos institutos de meteorologia.\u00a0<\/strong><\/p>\n<p><strong>Na cidade, o cacau come\u00e7ou a cair por volta das 20h deste domingo (19), atingindo Itapetinga, Vit\u00f3ria da Conquista e outras cidades do Sudoeste, que j\u00e1 amargavam problemas com a seca.<\/strong><\/p>\n<p><strong>A chuva que ainda cai na cidade, \u00e9 t\u00edpica deste per\u00edodo, sendo conhecida por aqui como &#8216;chuva das \u00e1guas&#8217;.<\/strong><\/p>\n<p><strong>Embora moderadas, as precipita\u00e7\u00f5es de outubro molham o ch\u00e3o e n\u00e3o costumam trazer muitos transtornos nas cidade, beneficiando, apenas, a zona rural, com a\u00a0 cheia de rios e a\u00e7udes, al\u00e9m de molhar as pastagens e as planta\u00e7\u00f5es.\u00a0<\/strong><\/p>\n<p><strong>Bem-vindas as &#8216;chuvas das \u00e1guas&#8217;!<\/strong><\/p>\n<p><strong>Por Davi Ferraz<\/strong><\/p>\n","protected":false},"excerpt":{"rendered":"<p>A chuva voltou a cair na Capital da Pecu\u00e1ria Baiana, depois de um prolongado per\u00edodo de estiagem, confirmando as previs\u00f5es dos institutos de meteorologia.\u00a0 Na cidade, o cacau come\u00e7ou a cair por volta das 20h deste domingo (19), atingindo Itapetinga, Vit\u00f3ria da Conquista e outras cidades do Sudoeste, que j\u00e1 amargavam problemas com a seca. [&hellip;]<\/p>\n","protected":false},"author":2,"featured_media":123806,"comment_status":"closed","ping_status":"open","sticky":false,"template":"","format":"standard","meta":{"footnotes":"","_links_to":"","_links_to_target":""},"categories":[1],"tags":[],"class_list":["post-123805","post","type-post","status-publish","format-standard","has-post-thumbnail","hentry","category-geral"],"views":742,"_links":{"self":[{"href":"https:\/\/www.sudoestehoje.com.br\/novoportal\/wp-json\/wp\/v2\/posts\/123805","targetHints":{"allow":["GET"]}}],"collection":[{"href":"https:\/\/www.sudoestehoje.com.br\/novoportal\/wp-json\/wp\/v2\/posts"}],"about":[{"href":"https:\/\/www.sudoestehoje.com.br\/novoportal\/wp-json\/wp\/v2\/types\/post"}],"author":[{"embeddable":true,"href":"https:\/\/www.sudoestehoje.com.br\/novoportal\/wp-json\/wp\/v2\/users\/2"}],"replies":[{"embeddable":true,"href":"https:\/\/www.sudoestehoje.com.br\/novoportal\/wp-json\/wp\/v2\/comments?post=123805"}],"version-history":[{"count":1,"href":"https:\/\/www.sudoestehoje.com.br\/novoportal\/wp-json\/wp\/v2\/posts\/123805\/revisions"}],"predecessor-version":[{"id":123807,"href":"https:\/\/www.sudoestehoje.com.br\/novoportal\/wp-json\/wp\/v2\/posts\/123805\/revisions\/123807"}],"wp:featuredmedia":[{"embeddable":true,"href":"https:\/\/www.sudoestehoje.com.br\/novoportal\/wp-json\/wp\/v2\/media\/123806"}],"wp:attachment":[{"href":"https:\/\/www.sudoestehoje.com.br\/novoportal\/wp-json\/wp\/v2\/media?parent=123805"}],"wp:term":[{"taxonomy":"category","embeddable":true,"href":"https:\/\/www.sudoestehoje.com.br\/novoportal\/wp-json\/wp\/v2\/categories?post=123805"},{"taxonomy":"post_tag","embeddable":true,"href":"https:\/\/www.sudoestehoje.com.br\/novoportal\/wp-json\/wp\/v2\/tags?post=123805"}],"curies":[{"name":"wp","href":"https:\/\/api.w.org\/{rel}","templated":true}]}}