
{"id":12380,"date":"2012-01-26T16:48:06","date_gmt":"2012-01-26T19:48:06","guid":{"rendered":"http:\/\/www.sudoestehoje.com.br\/novoportal\/?p=12380"},"modified":"2012-01-26T16:48:06","modified_gmt":"2012-01-26T19:48:06","slug":"ibicui-marcos-galvao-recebe-importante-apoio","status":"publish","type":"post","link":"https:\/\/www.sudoestehoje.com.br\/novoportal\/2012\/01\/26\/ibicui-marcos-galvao-recebe-importante-apoio\/","title":{"rendered":"IBICU\u00cd: MARCOS GALV\u00c3O RECEBE IMPORTANTE APOIO"},"content":{"rendered":"<p><img decoding=\"async\" class=\"aligncenter\" src=\"http:\/\/www.ibicuinanet.com.br\/site\/noticias\/2599.jpg\" alt=\"\" width=\"350\" \/><\/p>\n<p>&nbsp;<\/p>\n<p>IBICU\u00cd: Bruno Santana, filho do ex-prefeito Almir Santana e da saudosa L\u00e9lia Ben\u00edcio, declarou apoio a Marcos Galv\u00e3o, pr\u00e9-candidato a prefeitura de Ibicu\u00ed pelo <em>Partido dos Trabalhadores (PT). <\/em><\/p>\n<p>Bruno ainda garantiu empenho total para que este projeto seja uma realidade e que Ibicu\u00ed precisa dessa nova for\u00e7a pol\u00edtica para que a cidade entre nos trilhos do progresso.<\/p>\n<p>Este n\u00e3o foi o primeiro a apoiar a pr\u00e9-candidatura de Marcos Galv\u00e3o, nas \u00faltimas semanas. Andrade (vice-prefeito) e vereadores como Silvano, Cleones e a pr\u00e9-candidata a vereadora Tat\u00e1, s\u00e3o apenas alguns nomes que est\u00e3o inclusos em uma grande lista de apoio que n\u00e3o para de crescer.<\/p>\n<p><strong><em>Ibicuinanet<\/em><\/strong><\/p>\n","protected":false},"excerpt":{"rendered":"<p>&nbsp; IBICU\u00cd: Bruno Santana, filho do ex-prefeito Almir Santana e da saudosa L\u00e9lia Ben\u00edcio, declarou apoio a Marcos Galv\u00e3o, pr\u00e9-candidato a prefeitura de Ibicu\u00ed pelo Partido dos Trabalhadores (PT). Bruno ainda garantiu empenho total para que este projeto seja uma realidade e que Ibicu\u00ed precisa dessa nova for\u00e7a pol\u00edtica para que a cidade entre nos [&hellip;]<\/p>\n","protected":false},"author":2,"featured_media":0,"comment_status":"open","ping_status":"open","sticky":false,"template":"","format":"standard","meta":{"footnotes":"","_links_to":"","_links_to_target":""},"categories":[1],"tags":[],"class_list":["post-12380","post","type-post","status-publish","format-standard","hentry","category-geral"],"views":1015,"_links":{"self":[{"href":"https:\/\/www.sudoestehoje.com.br\/novoportal\/wp-json\/wp\/v2\/posts\/12380","targetHints":{"allow":["GET"]}}],"collection":[{"href":"https:\/\/www.sudoestehoje.com.br\/novoportal\/wp-json\/wp\/v2\/posts"}],"about":[{"href":"https:\/\/www.sudoestehoje.com.br\/novoportal\/wp-json\/wp\/v2\/types\/post"}],"author":[{"embeddable":true,"href":"https:\/\/www.sudoestehoje.com.br\/novoportal\/wp-json\/wp\/v2\/users\/2"}],"replies":[{"embeddable":true,"href":"https:\/\/www.sudoestehoje.com.br\/novoportal\/wp-json\/wp\/v2\/comments?post=12380"}],"version-history":[{"count":3,"href":"https:\/\/www.sudoestehoje.com.br\/novoportal\/wp-json\/wp\/v2\/posts\/12380\/revisions"}],"predecessor-version":[{"id":12390,"href":"https:\/\/www.sudoestehoje.com.br\/novoportal\/wp-json\/wp\/v2\/posts\/12380\/revisions\/12390"}],"wp:attachment":[{"href":"https:\/\/www.sudoestehoje.com.br\/novoportal\/wp-json\/wp\/v2\/media?parent=12380"}],"wp:term":[{"taxonomy":"category","embeddable":true,"href":"https:\/\/www.sudoestehoje.com.br\/novoportal\/wp-json\/wp\/v2\/categories?post=12380"},{"taxonomy":"post_tag","embeddable":true,"href":"https:\/\/www.sudoestehoje.com.br\/novoportal\/wp-json\/wp\/v2\/tags?post=12380"}],"curies":[{"name":"wp","href":"https:\/\/api.w.org\/{rel}","templated":true}]}}