
{"id":123789,"date":"2025-10-15T17:14:32","date_gmt":"2025-10-15T20:14:32","guid":{"rendered":"https:\/\/www.sudoestehoje.com.br\/novoportal\/?p=123789"},"modified":"2025-10-15T17:14:32","modified_gmt":"2025-10-15T20:14:32","slug":"cdl-informa-comercio-ficara-aberto-na-proxima-segunda-20-dia-do-comerciario","status":"publish","type":"post","link":"https:\/\/www.sudoestehoje.com.br\/novoportal\/2025\/10\/15\/cdl-informa-comercio-ficara-aberto-na-proxima-segunda-20-dia-do-comerciario\/","title":{"rendered":"CDL INFORMA | COM\u00c9RCIO FICAR\u00c1 ABERTO NA PR\u00d3XIMA SEGUNDA (20), DIA DO COMERCI\u00c1RIO"},"content":{"rendered":"<p><img loading=\"lazy\" decoding=\"async\" class=\"alignnone size-full wp-image-123793\" src=\"https:\/\/www.sudoestehoje.com.br\/novoportal\/wp-content\/uploads\/2025\/10\/Imagem-do-WhatsApp-de-2025-10-15-as-17.10.57_5756e521.jpg\" alt=\"\" width=\"1079\" height=\"1285\" \/><\/p>\n<p><strong>A CDL de Itapetinga informa que em Janeiro de 2025 *foi firmado acordo* para *troca dos feriados* do dia dos comerci\u00e1rios e do anivers\u00e1rio da cidade. Assim, na segunda e ter\u00e7a-feira de carnaval, o com\u00e9rcio de Itapetinga esteve fechado, e ficou estabelecido que:<\/strong><\/p>\n<p><strong>&#x2714; No *Dia dos Comerci\u00e1rios* (20\/10), o com\u00e9rcio funcionar\u00e1 em seu hor\u00e1rio normal.<\/strong><br \/>\n<strong>&#x2714; No *Dia da Cidade* (12\/12), funcionamento das 8h \u00e0s 13h.<\/strong><\/p>\n<p><strong>Essa decis\u00e3o foi resultado do di\u00e1logo entre as entidades para melhor desempenho nas vendas e garantir um planejamento mais eficiente a todos.<\/strong><\/p>\n<p><strong><a class=\"x1i10hfl xjbqb8w x1ejq31n x18oe1m7 x1sy0etr xstzfhl x972fbf x10w94by x1qhh985 x14e42zd x9f619 x1ypdohk xt0psk2 x3ct3a4 xdj266r x14z9mp xat24cr x1lziwak xexx8yu xyri2b x18d9i69 x1c1uobl x16tdsg8 x1hl2dhg xggy1nq x1a2a7pz  _aa9_ _a6hd\" tabindex=\"0\" role=\"link\" href=\"https:\/\/www.instagram.com\/explore\/tags\/cdlitapetinga\/\">#CDLItapetinga<\/a> <a class=\"x1i10hfl xjbqb8w x1ejq31n x18oe1m7 x1sy0etr xstzfhl x972fbf x10w94by x1qhh985 x14e42zd x9f619 x1ypdohk xt0psk2 x3ct3a4 xdj266r x14z9mp xat24cr x1lziwak xexx8yu xyri2b x18d9i69 x1c1uobl x16tdsg8 x1hl2dhg xggy1nq x1a2a7pz  _aa9_ _a6hd\" tabindex=\"0\" role=\"link\" href=\"https:\/\/www.instagram.com\/explore\/tags\/com%C3%A9rciolocal\/\">#Com\u00e9rcioLocal<\/a> <a class=\"x1i10hfl xjbqb8w x1ejq31n x18oe1m7 x1sy0etr xstzfhl x972fbf x10w94by x1qhh985 x14e42zd x9f619 x1ypdohk xt0psk2 x3ct3a4 xdj266r x14z9mp xat24cr x1lziwak xexx8yu xyri2b x18d9i69 x1c1uobl x16tdsg8 x1hl2dhg xggy1nq x1a2a7pz  _aa9_ _a6hd\" tabindex=\"0\" role=\"link\" href=\"https:\/\/www.instagram.com\/explore\/tags\/diadocomerciario\/\">#DiaDoComerciario<\/a><\/strong><!--more--><\/p>\n","protected":false},"excerpt":{"rendered":"<p>A CDL de Itapetinga informa que em Janeiro de 2025 *foi firmado acordo* para *troca dos feriados* do dia dos comerci\u00e1rios e do anivers\u00e1rio da cidade. Assim, na segunda e ter\u00e7a-feira de carnaval, o com\u00e9rcio de Itapetinga esteve fechado, e ficou estabelecido que: &#x2714; No *Dia dos Comerci\u00e1rios* (20\/10), o com\u00e9rcio funcionar\u00e1 em seu hor\u00e1rio [&hellip;]<\/p>\n","protected":false},"author":2,"featured_media":123793,"comment_status":"closed","ping_status":"open","sticky":false,"template":"","format":"standard","meta":{"footnotes":"","_links_to":"","_links_to_target":""},"categories":[1],"tags":[],"class_list":["post-123789","post","type-post","status-publish","format-standard","has-post-thumbnail","hentry","category-geral"],"views":850,"_links":{"self":[{"href":"https:\/\/www.sudoestehoje.com.br\/novoportal\/wp-json\/wp\/v2\/posts\/123789","targetHints":{"allow":["GET"]}}],"collection":[{"href":"https:\/\/www.sudoestehoje.com.br\/novoportal\/wp-json\/wp\/v2\/posts"}],"about":[{"href":"https:\/\/www.sudoestehoje.com.br\/novoportal\/wp-json\/wp\/v2\/types\/post"}],"author":[{"embeddable":true,"href":"https:\/\/www.sudoestehoje.com.br\/novoportal\/wp-json\/wp\/v2\/users\/2"}],"replies":[{"embeddable":true,"href":"https:\/\/www.sudoestehoje.com.br\/novoportal\/wp-json\/wp\/v2\/comments?post=123789"}],"version-history":[{"count":5,"href":"https:\/\/www.sudoestehoje.com.br\/novoportal\/wp-json\/wp\/v2\/posts\/123789\/revisions"}],"predecessor-version":[{"id":123795,"href":"https:\/\/www.sudoestehoje.com.br\/novoportal\/wp-json\/wp\/v2\/posts\/123789\/revisions\/123795"}],"wp:featuredmedia":[{"embeddable":true,"href":"https:\/\/www.sudoestehoje.com.br\/novoportal\/wp-json\/wp\/v2\/media\/123793"}],"wp:attachment":[{"href":"https:\/\/www.sudoestehoje.com.br\/novoportal\/wp-json\/wp\/v2\/media?parent=123789"}],"wp:term":[{"taxonomy":"category","embeddable":true,"href":"https:\/\/www.sudoestehoje.com.br\/novoportal\/wp-json\/wp\/v2\/categories?post=123789"},{"taxonomy":"post_tag","embeddable":true,"href":"https:\/\/www.sudoestehoje.com.br\/novoportal\/wp-json\/wp\/v2\/tags?post=123789"}],"curies":[{"name":"wp","href":"https:\/\/api.w.org\/{rel}","templated":true}]}}