
{"id":123772,"date":"2025-10-14T11:05:33","date_gmt":"2025-10-14T14:05:33","guid":{"rendered":"https:\/\/www.sudoestehoje.com.br\/novoportal\/?p=123772"},"modified":"2025-10-14T11:05:33","modified_gmt":"2025-10-14T14:05:33","slug":"apagao-atinge-oito-estados-e-deixa-16-dos-consumidores-sem-energia-na-bahia","status":"publish","type":"post","link":"https:\/\/www.sudoestehoje.com.br\/novoportal\/2025\/10\/14\/apagao-atinge-oito-estados-e-deixa-16-dos-consumidores-sem-energia-na-bahia\/","title":{"rendered":"APAG\u00c3O ATINGE OITO ESTADOS E DEIXA 16% DOS CONSUMIDORES SEM ENERGIA NA BAHIA"},"content":{"rendered":"<p><img loading=\"lazy\" decoding=\"async\" class=\"alignnone size-full wp-image-123773\" src=\"https:\/\/www.sudoestehoje.com.br\/novoportal\/wp-content\/uploads\/2025\/10\/Apagao.jpg\" alt=\"\" width=\"1019\" height=\"574\" \/><\/p>\n<p><strong>Oito estados brasileiros\u00a0registraram um\u00a0apag\u00e3o, na\u00a0madrugada desta ter\u00e7a-feira (14), com relatos de interrup\u00e7\u00e3o no fornecimento de energia na\u00a0Bahia, S\u00e3o Paulo, Rio de Janeiro, Minas Gerais, Cear\u00e1, Mato Grosso do Sul, Amazonas e Santa Catarina. <\/strong><\/p>\n<p><strong>De acordo com o Operador Nacional do Sistema El\u00e9trico (ONS), uma ocorr\u00eancia no Sistema Interligado Nacional (SIN) interrompeu cerca de 10 mil megawatts (MW) de carga, afetando todos os subsistemas do pa\u00eds.\u00a0Na Bahia, 16% dos consumidores foram atingidos pela falta de energia.<\/strong><\/p>\n<p><strong>Segundo o \u00f3rg\u00e3o, o problema come\u00e7ou \u00e0s 0h32, ap\u00f3s um inc\u00eandio em um reator na Subesta\u00e7\u00e3o de Bateias, no Paran\u00e1, que desligou a estrutura de 500 kilovolts (kV) e interrompeu a interliga\u00e7\u00e3o entre as regi\u00f5es Sul e Sudeste. Naquele momento, o Sul exportava cerca de 5 mil MW para o Sudeste e Centro-oeste.<\/strong><\/p>\n","protected":false},"excerpt":{"rendered":"<p>Oito estados brasileiros\u00a0registraram um\u00a0apag\u00e3o, na\u00a0madrugada desta ter\u00e7a-feira (14), com relatos de interrup\u00e7\u00e3o no fornecimento de energia na\u00a0Bahia, S\u00e3o Paulo, Rio de Janeiro, Minas Gerais, Cear\u00e1, Mato Grosso do Sul, Amazonas e Santa Catarina. De acordo com o Operador Nacional do Sistema El\u00e9trico (ONS), uma ocorr\u00eancia no Sistema Interligado Nacional (SIN) interrompeu cerca de 10 mil [&hellip;]<\/p>\n","protected":false},"author":2,"featured_media":123773,"comment_status":"closed","ping_status":"open","sticky":false,"template":"","format":"standard","meta":{"footnotes":"","_links_to":"","_links_to_target":""},"categories":[1],"tags":[],"class_list":["post-123772","post","type-post","status-publish","format-standard","has-post-thumbnail","hentry","category-geral"],"views":461,"_links":{"self":[{"href":"https:\/\/www.sudoestehoje.com.br\/novoportal\/wp-json\/wp\/v2\/posts\/123772","targetHints":{"allow":["GET"]}}],"collection":[{"href":"https:\/\/www.sudoestehoje.com.br\/novoportal\/wp-json\/wp\/v2\/posts"}],"about":[{"href":"https:\/\/www.sudoestehoje.com.br\/novoportal\/wp-json\/wp\/v2\/types\/post"}],"author":[{"embeddable":true,"href":"https:\/\/www.sudoestehoje.com.br\/novoportal\/wp-json\/wp\/v2\/users\/2"}],"replies":[{"embeddable":true,"href":"https:\/\/www.sudoestehoje.com.br\/novoportal\/wp-json\/wp\/v2\/comments?post=123772"}],"version-history":[{"count":1,"href":"https:\/\/www.sudoestehoje.com.br\/novoportal\/wp-json\/wp\/v2\/posts\/123772\/revisions"}],"predecessor-version":[{"id":123774,"href":"https:\/\/www.sudoestehoje.com.br\/novoportal\/wp-json\/wp\/v2\/posts\/123772\/revisions\/123774"}],"wp:featuredmedia":[{"embeddable":true,"href":"https:\/\/www.sudoestehoje.com.br\/novoportal\/wp-json\/wp\/v2\/media\/123773"}],"wp:attachment":[{"href":"https:\/\/www.sudoestehoje.com.br\/novoportal\/wp-json\/wp\/v2\/media?parent=123772"}],"wp:term":[{"taxonomy":"category","embeddable":true,"href":"https:\/\/www.sudoestehoje.com.br\/novoportal\/wp-json\/wp\/v2\/categories?post=123772"},{"taxonomy":"post_tag","embeddable":true,"href":"https:\/\/www.sudoestehoje.com.br\/novoportal\/wp-json\/wp\/v2\/tags?post=123772"}],"curies":[{"name":"wp","href":"https:\/\/api.w.org\/{rel}","templated":true}]}}